{"id":3065,"date":"2016-10-24T08:28:56","date_gmt":"2016-10-24T06:28:56","guid":{"rendered":"http:\/\/marionschneider.com\/?p=3065"},"modified":"2018-04-21T19:12:26","modified_gmt":"2018-04-21T17:12:26","slug":"zum-glueck-gibt-es-das-team-der-gesellschaft-fuer-soziale-dienstleistungen-in-suhl","status":"publish","type":"post","link":"https:\/\/www.marionschneider.com\/de\/zum-glueck-gibt-es-das-team-der-gesellschaft-fuer-soziale-dienstleistungen-in-suhl\/","title":{"rendered":"\u00bbZum Gl\u00fcck ..!\u00ab \u2013 gibt es das Team der Gesellschaft f\u00fcr Soziale Dienstleistungen in Suhl"},"content":{"rendered":"<p><a href=\"https:\/\/www.marionschneider.com\/upload\/2016\/10\/160223-zumglueck-griebel-suhl.jpg\"><img loading=\"lazy\" decoding=\"async\" class=\"size-full wp-image-3066 alignnone\" src=\"https:\/\/www.marionschneider.com\/upload\/2016\/10\/160223-zumglueck-griebel-suhl.jpg\" alt=\"160223-zumglueck-griebel-suhl\" width=\"355\" height=\"200\" srcset=\"https:\/\/www.marionschneider.com\/wp-content\/uploads\/2016\/10\/160223-zumglueck-griebel-suhl.jpg 355w, https:\/\/www.marionschneider.com\/wp-content\/uploads\/2016\/10\/160223-zumglueck-griebel-suhl-250x141.jpg 250w, https:\/\/www.marionschneider.com\/wp-content\/uploads\/2016\/10\/160223-zumglueck-griebel-suhl-320x180.jpg 320w\" sizes=\"auto, (max-width: 355px) 100vw, 355px\" \/><\/a><\/p>\n<p>Matthias Griebel ist seit zwanzig Jahren Mitglied des Stadtrates in Suhl und fast genauso lange Vorsitzender des Jugendhilfeausschusses. Er war auch ma\u00dfgeblich an der Gr\u00fcndung der <a href=\"http:\/\/www.gsd-suhl.de\/\" target=\"_blank\" rel=\"noopener\">Gesellschaft f\u00fcr Soziale Dienstleistungen Suhl<\/a> beteiligt und ist ihr Gesch\u00e4ftsf\u00fchrer. Erst im August 2015 entschied er sich mit seinem Team, unbegleitete Fl\u00fcchtlingskinder und -jugendliche aufzunehmen, weil sie helfen wollten. Doch dann \u00fcberschlugen sich die Ereignisse und anstatt der angestrebten zehn Jugendlichen haben sie mittlerweile knapp hundert Sch\u00fctzlinge. Hiervon berichtet Matthias Griebel \u2013 und \u00fcber seine Erfahrungen in der Arbeit mit den unbegleiteten Fl\u00fcchtlingen. Sehen Sie selbst \u2013 es lohnt sich!<\/p>\n<p><a href=\"http:\/\/www.salve.tv\/tv\/Weltkanal\/16741\/\u00bbZum-Glueck-..!\u00ab-\u2013-gibt-es-das-Team-der-Gesellschaft-fuer-Soziale-Dienstleistungen-in-Suhl\" target=\"_blank\" rel=\"noopener\">Hier geht&#8217;s zur Sendung.<\/a><\/p>\n<p>[Quelle Beitrag und Foto: www.salve.tv]<\/p>\n","protected":false},"excerpt":{"rendered":"<p>Matthias Griebel ist seit zwanzig Jahren Mitglied des Stadtrates in Suhl und fast genauso lange Vorsitzender des Jugendhilfeausschusses. Er war auch ma\u00dfgeblich an der Gr\u00fcndung der Gesellschaft f\u00fcr Soziale Dienstleistungen Suhl beteiligt und ist ihr Gesch\u00e4ftsf\u00fchrer. Erst im August 2015 entschied er sich mit seinem &#8230; <a title=\"\u00bbZum Gl\u00fcck ..!\u00ab \u2013 gibt es das Team der Gesellschaft f\u00fcr Soziale Dienstleistungen in Suhl\" class=\"read-more\" href=\"https:\/\/www.marionschneider.com\/de\/zum-glueck-gibt-es-das-team-der-gesellschaft-fuer-soziale-dienstleistungen-in-suhl\/\" aria-label=\"Mehr Informationen \u00fcber \u00bbZum Gl\u00fcck ..!\u00ab \u2013 gibt es das Team der Gesellschaft f\u00fcr Soziale Dienstleistungen in Suhl\">weiterlesen<\/a><\/p>\n","protected":false},"author":4,"featured_media":3066,"comment_status":"closed","ping_status":"closed","sticky":false,"template":"","format":"standard","meta":{"footnotes":""},"categories":[64],"tags":[],"class_list":["post-3065","post","type-post","status-publish","format-standard","has-post-thumbnail","hentry","category-filme","infinite-scroll-item","generate-columns","tablet-grid-50","mobile-grid-100","grid-parent","grid-50"],"yoast_head":"<!-- This site is optimized with the Yoast SEO plugin v27.4 - https:\/\/yoast.com\/product\/yoast-seo-wordpress\/ -->\n<title>\u00bbZum Gl\u00fcck ..!\u00ab \u2013 gibt es das Team der Gesellschaft f\u00fcr Soziale Dienstleistungen in Suhl - Marion Schneider<\/title>\n<meta name=\"robots\" content=\"index, follow, max-snippet:-1, max-image-preview:large, max-video-preview:-1\" \/>\n<link rel=\"canonical\" href=\"https:\/\/www.marionschneider.com\/de\/zum-glueck-gibt-es-das-team-der-gesellschaft-fuer-soziale-dienstleistungen-in-suhl\/\" \/>\n<meta property=\"og:locale\" content=\"de_DE\" \/>\n<meta property=\"og:type\" content=\"article\" \/>\n<meta property=\"og:title\" content=\"\u00bbZum Gl\u00fcck ..!\u00ab \u2013 gibt es das Team der Gesellschaft f\u00fcr Soziale Dienstleistungen in Suhl - Marion Schneider\" \/>\n<meta property=\"og:description\" content=\"Matthias Griebel ist seit zwanzig Jahren Mitglied des Stadtrates in Suhl und fast genauso lange Vorsitzender des Jugendhilfeausschusses. Er war auch ma\u00dfgeblich an der Gr\u00fcndung der Gesellschaft f\u00fcr Soziale Dienstleistungen Suhl beteiligt und ist ihr Gesch\u00e4ftsf\u00fchrer. Erst im August 2015 entschied er sich mit seinem ... weiterlesen\" \/>\n<meta property=\"og:url\" content=\"https:\/\/www.marionschneider.com\/de\/zum-glueck-gibt-es-das-team-der-gesellschaft-fuer-soziale-dienstleistungen-in-suhl\/\" \/>\n<meta property=\"og:site_name\" content=\"Marion Schneider\" \/>\n<meta property=\"article:publisher\" content=\"https:\/\/www.facebook.com\/Auerstedt\" \/>\n<meta property=\"article:published_time\" content=\"2016-10-24T06:28:56+00:00\" \/>\n<meta property=\"article:modified_time\" content=\"2018-04-21T17:12:26+00:00\" \/>\n<meta property=\"og:image\" content=\"https:\/\/www.marionschneider.com\/wp-content\/uploads\/2016\/10\/160223-zumglueck-griebel-suhl.jpg\" \/>\n\t<meta property=\"og:image:width\" content=\"355\" \/>\n\t<meta property=\"og:image:height\" content=\"200\" \/>\n\t<meta property=\"og:image:type\" content=\"image\/jpeg\" \/>\n<meta name=\"author\" content=\"Christina Zaubitzer\" \/>\n<meta name=\"twitter:card\" content=\"summary_large_image\" \/>\n<meta name=\"twitter:creator\" content=\"@kbsmarion\" \/>\n<meta name=\"twitter:site\" content=\"@kbsmarion\" \/>\n<meta name=\"twitter:label1\" content=\"Verfasst von\" \/>\n\t<meta name=\"twitter:data1\" content=\"Christina Zaubitzer\" \/>\n\t<meta name=\"twitter:label2\" content=\"Gesch\u00e4tzte Lesezeit\" \/>\n\t<meta name=\"twitter:data2\" content=\"1\u00a0Minute\" \/>\n<script type=\"application\/ld+json\" class=\"yoast-schema-graph\">{\"@context\":\"https:\\\/\\\/schema.org\",\"@graph\":[{\"@type\":\"Article\",\"@id\":\"https:\\\/\\\/www.marionschneider.com\\\/de\\\/zum-glueck-gibt-es-das-team-der-gesellschaft-fuer-soziale-dienstleistungen-in-suhl\\\/#article\",\"isPartOf\":{\"@id\":\"https:\\\/\\\/www.marionschneider.com\\\/de\\\/zum-glueck-gibt-es-das-team-der-gesellschaft-fuer-soziale-dienstleistungen-in-suhl\\\/\"},\"author\":{\"name\":\"Christina Zaubitzer\",\"@id\":\"https:\\\/\\\/www.marionschneider.com\\\/de\\\/#\\\/schema\\\/person\\\/e5db63291b2955ce01fd265660ade26e\"},\"headline\":\"\u00bbZum Gl\u00fcck ..!\u00ab \u2013 gibt es das Team der Gesellschaft f\u00fcr Soziale Dienstleistungen in Suhl\",\"datePublished\":\"2016-10-24T06:28:56+00:00\",\"dateModified\":\"2018-04-21T17:12:26+00:00\",\"mainEntityOfPage\":{\"@id\":\"https:\\\/\\\/www.marionschneider.com\\\/de\\\/zum-glueck-gibt-es-das-team-der-gesellschaft-fuer-soziale-dienstleistungen-in-suhl\\\/\"},\"wordCount\":128,\"publisher\":{\"@id\":\"https:\\\/\\\/www.marionschneider.com\\\/de\\\/#organization\"},\"image\":{\"@id\":\"https:\\\/\\\/www.marionschneider.com\\\/de\\\/zum-glueck-gibt-es-das-team-der-gesellschaft-fuer-soziale-dienstleistungen-in-suhl\\\/#primaryimage\"},\"thumbnailUrl\":\"https:\\\/\\\/www.marionschneider.com\\\/wp-content\\\/uploads\\\/2016\\\/10\\\/160223-zumglueck-griebel-suhl.jpg\",\"articleSection\":[\"Filme\"],\"inLanguage\":\"de\"},{\"@type\":\"WebPage\",\"@id\":\"https:\\\/\\\/www.marionschneider.com\\\/de\\\/zum-glueck-gibt-es-das-team-der-gesellschaft-fuer-soziale-dienstleistungen-in-suhl\\\/\",\"url\":\"https:\\\/\\\/www.marionschneider.com\\\/de\\\/zum-glueck-gibt-es-das-team-der-gesellschaft-fuer-soziale-dienstleistungen-in-suhl\\\/\",\"name\":\"\u00bbZum Gl\u00fcck ..!\u00ab \u2013 gibt es das Team der Gesellschaft f\u00fcr Soziale Dienstleistungen in Suhl - Marion Schneider\",\"isPartOf\":{\"@id\":\"https:\\\/\\\/www.marionschneider.com\\\/de\\\/#website\"},\"primaryImageOfPage\":{\"@id\":\"https:\\\/\\\/www.marionschneider.com\\\/de\\\/zum-glueck-gibt-es-das-team-der-gesellschaft-fuer-soziale-dienstleistungen-in-suhl\\\/#primaryimage\"},\"image\":{\"@id\":\"https:\\\/\\\/www.marionschneider.com\\\/de\\\/zum-glueck-gibt-es-das-team-der-gesellschaft-fuer-soziale-dienstleistungen-in-suhl\\\/#primaryimage\"},\"thumbnailUrl\":\"https:\\\/\\\/www.marionschneider.com\\\/wp-content\\\/uploads\\\/2016\\\/10\\\/160223-zumglueck-griebel-suhl.jpg\",\"datePublished\":\"2016-10-24T06:28:56+00:00\",\"dateModified\":\"2018-04-21T17:12:26+00:00\",\"breadcrumb\":{\"@id\":\"https:\\\/\\\/www.marionschneider.com\\\/de\\\/zum-glueck-gibt-es-das-team-der-gesellschaft-fuer-soziale-dienstleistungen-in-suhl\\\/#breadcrumb\"},\"inLanguage\":\"de\",\"potentialAction\":[{\"@type\":\"ReadAction\",\"target\":[\"https:\\\/\\\/www.marionschneider.com\\\/de\\\/zum-glueck-gibt-es-das-team-der-gesellschaft-fuer-soziale-dienstleistungen-in-suhl\\\/\"]}]},{\"@type\":\"ImageObject\",\"inLanguage\":\"de\",\"@id\":\"https:\\\/\\\/www.marionschneider.com\\\/de\\\/zum-glueck-gibt-es-das-team-der-gesellschaft-fuer-soziale-dienstleistungen-in-suhl\\\/#primaryimage\",\"url\":\"https:\\\/\\\/www.marionschneider.com\\\/wp-content\\\/uploads\\\/2016\\\/10\\\/160223-zumglueck-griebel-suhl.jpg\",\"contentUrl\":\"https:\\\/\\\/www.marionschneider.com\\\/wp-content\\\/uploads\\\/2016\\\/10\\\/160223-zumglueck-griebel-suhl.jpg\",\"width\":355,\"height\":200},{\"@type\":\"BreadcrumbList\",\"@id\":\"https:\\\/\\\/www.marionschneider.com\\\/de\\\/zum-glueck-gibt-es-das-team-der-gesellschaft-fuer-soziale-dienstleistungen-in-suhl\\\/#breadcrumb\",\"itemListElement\":[{\"@type\":\"ListItem\",\"position\":1,\"name\":\"Home\",\"item\":\"https:\\\/\\\/www.marionschneider.com\\\/de\\\/\"},{\"@type\":\"ListItem\",\"position\":2,\"name\":\"Filme\",\"item\":\"https:\\\/\\\/www.marionschneider.com\\\/de\\\/category\\\/filme\\\/\"},{\"@type\":\"ListItem\",\"position\":3,\"name\":\"\u00bbZum Gl\u00fcck ..!\u00ab \u2013 gibt es das Team der Gesellschaft f\u00fcr Soziale Dienstleistungen in Suhl\"}]},{\"@type\":\"WebSite\",\"@id\":\"https:\\\/\\\/www.marionschneider.com\\\/de\\\/#website\",\"url\":\"https:\\\/\\\/www.marionschneider.com\\\/de\\\/\",\"name\":\"Marion Schneider\",\"description\":\"Autorenseite\",\"publisher\":{\"@id\":\"https:\\\/\\\/www.marionschneider.com\\\/de\\\/#organization\"},\"potentialAction\":[{\"@type\":\"SearchAction\",\"target\":{\"@type\":\"EntryPoint\",\"urlTemplate\":\"https:\\\/\\\/www.marionschneider.com\\\/de\\\/?s={search_term_string}\"},\"query-input\":{\"@type\":\"PropertyValueSpecification\",\"valueRequired\":true,\"valueName\":\"search_term_string\"}}],\"inLanguage\":\"de\"},{\"@type\":\"Organization\",\"@id\":\"https:\\\/\\\/www.marionschneider.com\\\/de\\\/#organization\",\"name\":\"Marion Schneider\",\"url\":\"https:\\\/\\\/www.marionschneider.com\\\/de\\\/\",\"logo\":{\"@type\":\"ImageObject\",\"inLanguage\":\"de\",\"@id\":\"https:\\\/\\\/www.marionschneider.com\\\/de\\\/#\\\/schema\\\/logo\\\/image\\\/\",\"url\":\"https:\\\/\\\/www.marionschneider.com\\\/wp-content\\\/uploads\\\/Logo_MS4p24.png\",\"contentUrl\":\"https:\\\/\\\/www.marionschneider.com\\\/wp-content\\\/uploads\\\/Logo_MS4p24.png\",\"width\":225,\"height\":160,\"caption\":\"Marion Schneider\"},\"image\":{\"@id\":\"https:\\\/\\\/www.marionschneider.com\\\/de\\\/#\\\/schema\\\/logo\\\/image\\\/\"},\"sameAs\":[\"https:\\\/\\\/www.facebook.com\\\/Auerstedt\",\"https:\\\/\\\/x.com\\\/kbsmarion\"]},{\"@type\":\"Person\",\"@id\":\"https:\\\/\\\/www.marionschneider.com\\\/de\\\/#\\\/schema\\\/person\\\/e5db63291b2955ce01fd265660ade26e\",\"name\":\"Christina Zaubitzer\",\"sameAs\":[\"http:\\\/\\\/www.christinazaubitzer.de\"],\"url\":\"https:\\\/\\\/www.marionschneider.com\\\/de\\\/author\\\/christina-zaubitzer\\\/\"}]}<\/script>\n<!-- \/ Yoast SEO plugin. -->","yoast_head_json":{"title":"\u00bbZum Gl\u00fcck ..!\u00ab \u2013 gibt es das Team der Gesellschaft f\u00fcr Soziale Dienstleistungen in Suhl - Marion Schneider","robots":{"index":"index","follow":"follow","max-snippet":"max-snippet:-1","max-image-preview":"max-image-preview:large","max-video-preview":"max-video-preview:-1"},"canonical":"https:\/\/www.marionschneider.com\/de\/zum-glueck-gibt-es-das-team-der-gesellschaft-fuer-soziale-dienstleistungen-in-suhl\/","og_locale":"de_DE","og_type":"article","og_title":"\u00bbZum Gl\u00fcck ..!\u00ab \u2013 gibt es das Team der Gesellschaft f\u00fcr Soziale Dienstleistungen in Suhl - Marion Schneider","og_description":"Matthias Griebel ist seit zwanzig Jahren Mitglied des Stadtrates in Suhl und fast genauso lange Vorsitzender des Jugendhilfeausschusses. Er war auch ma\u00dfgeblich an der Gr\u00fcndung der Gesellschaft f\u00fcr Soziale Dienstleistungen Suhl beteiligt und ist ihr Gesch\u00e4ftsf\u00fchrer. Erst im August 2015 entschied er sich mit seinem ... weiterlesen","og_url":"https:\/\/www.marionschneider.com\/de\/zum-glueck-gibt-es-das-team-der-gesellschaft-fuer-soziale-dienstleistungen-in-suhl\/","og_site_name":"Marion Schneider","article_publisher":"https:\/\/www.facebook.com\/Auerstedt","article_published_time":"2016-10-24T06:28:56+00:00","article_modified_time":"2018-04-21T17:12:26+00:00","og_image":[{"width":355,"height":200,"url":"https:\/\/www.marionschneider.com\/wp-content\/uploads\/2016\/10\/160223-zumglueck-griebel-suhl.jpg","type":"image\/jpeg"}],"author":"Christina Zaubitzer","twitter_card":"summary_large_image","twitter_creator":"@kbsmarion","twitter_site":"@kbsmarion","twitter_misc":{"Verfasst von":"Christina Zaubitzer","Gesch\u00e4tzte Lesezeit":"1\u00a0Minute"},"schema":{"@context":"https:\/\/schema.org","@graph":[{"@type":"Article","@id":"https:\/\/www.marionschneider.com\/de\/zum-glueck-gibt-es-das-team-der-gesellschaft-fuer-soziale-dienstleistungen-in-suhl\/#article","isPartOf":{"@id":"https:\/\/www.marionschneider.com\/de\/zum-glueck-gibt-es-das-team-der-gesellschaft-fuer-soziale-dienstleistungen-in-suhl\/"},"author":{"name":"Christina Zaubitzer","@id":"https:\/\/www.marionschneider.com\/de\/#\/schema\/person\/e5db63291b2955ce01fd265660ade26e"},"headline":"\u00bbZum Gl\u00fcck ..!\u00ab \u2013 gibt es das Team der Gesellschaft f\u00fcr Soziale Dienstleistungen in Suhl","datePublished":"2016-10-24T06:28:56+00:00","dateModified":"2018-04-21T17:12:26+00:00","mainEntityOfPage":{"@id":"https:\/\/www.marionschneider.com\/de\/zum-glueck-gibt-es-das-team-der-gesellschaft-fuer-soziale-dienstleistungen-in-suhl\/"},"wordCount":128,"publisher":{"@id":"https:\/\/www.marionschneider.com\/de\/#organization"},"image":{"@id":"https:\/\/www.marionschneider.com\/de\/zum-glueck-gibt-es-das-team-der-gesellschaft-fuer-soziale-dienstleistungen-in-suhl\/#primaryimage"},"thumbnailUrl":"https:\/\/www.marionschneider.com\/wp-content\/uploads\/2016\/10\/160223-zumglueck-griebel-suhl.jpg","articleSection":["Filme"],"inLanguage":"de"},{"@type":"WebPage","@id":"https:\/\/www.marionschneider.com\/de\/zum-glueck-gibt-es-das-team-der-gesellschaft-fuer-soziale-dienstleistungen-in-suhl\/","url":"https:\/\/www.marionschneider.com\/de\/zum-glueck-gibt-es-das-team-der-gesellschaft-fuer-soziale-dienstleistungen-in-suhl\/","name":"\u00bbZum Gl\u00fcck ..!\u00ab \u2013 gibt es das Team der Gesellschaft f\u00fcr Soziale Dienstleistungen in Suhl - Marion Schneider","isPartOf":{"@id":"https:\/\/www.marionschneider.com\/de\/#website"},"primaryImageOfPage":{"@id":"https:\/\/www.marionschneider.com\/de\/zum-glueck-gibt-es-das-team-der-gesellschaft-fuer-soziale-dienstleistungen-in-suhl\/#primaryimage"},"image":{"@id":"https:\/\/www.marionschneider.com\/de\/zum-glueck-gibt-es-das-team-der-gesellschaft-fuer-soziale-dienstleistungen-in-suhl\/#primaryimage"},"thumbnailUrl":"https:\/\/www.marionschneider.com\/wp-content\/uploads\/2016\/10\/160223-zumglueck-griebel-suhl.jpg","datePublished":"2016-10-24T06:28:56+00:00","dateModified":"2018-04-21T17:12:26+00:00","breadcrumb":{"@id":"https:\/\/www.marionschneider.com\/de\/zum-glueck-gibt-es-das-team-der-gesellschaft-fuer-soziale-dienstleistungen-in-suhl\/#breadcrumb"},"inLanguage":"de","potentialAction":[{"@type":"ReadAction","target":["https:\/\/www.marionschneider.com\/de\/zum-glueck-gibt-es-das-team-der-gesellschaft-fuer-soziale-dienstleistungen-in-suhl\/"]}]},{"@type":"ImageObject","inLanguage":"de","@id":"https:\/\/www.marionschneider.com\/de\/zum-glueck-gibt-es-das-team-der-gesellschaft-fuer-soziale-dienstleistungen-in-suhl\/#primaryimage","url":"https:\/\/www.marionschneider.com\/wp-content\/uploads\/2016\/10\/160223-zumglueck-griebel-suhl.jpg","contentUrl":"https:\/\/www.marionschneider.com\/wp-content\/uploads\/2016\/10\/160223-zumglueck-griebel-suhl.jpg","width":355,"height":200},{"@type":"BreadcrumbList","@id":"https:\/\/www.marionschneider.com\/de\/zum-glueck-gibt-es-das-team-der-gesellschaft-fuer-soziale-dienstleistungen-in-suhl\/#breadcrumb","itemListElement":[{"@type":"ListItem","position":1,"name":"Home","item":"https:\/\/www.marionschneider.com\/de\/"},{"@type":"ListItem","position":2,"name":"Filme","item":"https:\/\/www.marionschneider.com\/de\/category\/filme\/"},{"@type":"ListItem","position":3,"name":"\u00bbZum Gl\u00fcck ..!\u00ab \u2013 gibt es das Team der Gesellschaft f\u00fcr Soziale Dienstleistungen in Suhl"}]},{"@type":"WebSite","@id":"https:\/\/www.marionschneider.com\/de\/#website","url":"https:\/\/www.marionschneider.com\/de\/","name":"Marion Schneider","description":"Autorenseite","publisher":{"@id":"https:\/\/www.marionschneider.com\/de\/#organization"},"potentialAction":[{"@type":"SearchAction","target":{"@type":"EntryPoint","urlTemplate":"https:\/\/www.marionschneider.com\/de\/?s={search_term_string}"},"query-input":{"@type":"PropertyValueSpecification","valueRequired":true,"valueName":"search_term_string"}}],"inLanguage":"de"},{"@type":"Organization","@id":"https:\/\/www.marionschneider.com\/de\/#organization","name":"Marion Schneider","url":"https:\/\/www.marionschneider.com\/de\/","logo":{"@type":"ImageObject","inLanguage":"de","@id":"https:\/\/www.marionschneider.com\/de\/#\/schema\/logo\/image\/","url":"https:\/\/www.marionschneider.com\/wp-content\/uploads\/Logo_MS4p24.png","contentUrl":"https:\/\/www.marionschneider.com\/wp-content\/uploads\/Logo_MS4p24.png","width":225,"height":160,"caption":"Marion Schneider"},"image":{"@id":"https:\/\/www.marionschneider.com\/de\/#\/schema\/logo\/image\/"},"sameAs":["https:\/\/www.facebook.com\/Auerstedt","https:\/\/x.com\/kbsmarion"]},{"@type":"Person","@id":"https:\/\/www.marionschneider.com\/de\/#\/schema\/person\/e5db63291b2955ce01fd265660ade26e","name":"Christina Zaubitzer","sameAs":["http:\/\/www.christinazaubitzer.de"],"url":"https:\/\/www.marionschneider.com\/de\/author\/christina-zaubitzer\/"}]}},"views":1555,"_links":{"self":[{"href":"https:\/\/www.marionschneider.com\/de\/wp-json\/wp\/v2\/posts\/3065","targetHints":{"allow":["GET"]}}],"collection":[{"href":"https:\/\/www.marionschneider.com\/de\/wp-json\/wp\/v2\/posts"}],"about":[{"href":"https:\/\/www.marionschneider.com\/de\/wp-json\/wp\/v2\/types\/post"}],"author":[{"embeddable":true,"href":"https:\/\/www.marionschneider.com\/de\/wp-json\/wp\/v2\/users\/4"}],"replies":[{"embeddable":true,"href":"https:\/\/www.marionschneider.com\/de\/wp-json\/wp\/v2\/comments?post=3065"}],"version-history":[{"count":0,"href":"https:\/\/www.marionschneider.com\/de\/wp-json\/wp\/v2\/posts\/3065\/revisions"}],"wp:featuredmedia":[{"embeddable":true,"href":"https:\/\/www.marionschneider.com\/de\/wp-json\/wp\/v2\/media\/3066"}],"wp:attachment":[{"href":"https:\/\/www.marionschneider.com\/de\/wp-json\/wp\/v2\/media?parent=3065"}],"wp:term":[{"taxonomy":"category","embeddable":true,"href":"https:\/\/www.marionschneider.com\/de\/wp-json\/wp\/v2\/categories?post=3065"},{"taxonomy":"post_tag","embeddable":true,"href":"https:\/\/www.marionschneider.com\/de\/wp-json\/wp\/v2\/tags?post=3065"}],"curies":[{"name":"wp","href":"https:\/\/api.w.org\/{rel}","templated":true}]}}