{"id":4799,"date":"2020-06-18T14:47:59","date_gmt":"2020-06-18T12:47:59","guid":{"rendered":"https:\/\/www.marionschneider.com\/?p=4799"},"modified":"2020-06-18T14:48:02","modified_gmt":"2020-06-18T12:48:02","slug":"zum-glueck-gibt-es-den-prager-haus-apolda-e-v","status":"publish","type":"post","link":"https:\/\/www.marionschneider.com\/de\/zum-glueck-gibt-es-den-prager-haus-apolda-e-v\/","title":{"rendered":"Zum Gl\u00fcck &#8230; gibt es den Prager-Haus Apolda e.V.!"},"content":{"rendered":"\n<p class=\"wp-block-paragraph\">F\u00fcr meine Salve TV Sendereihe &#8222;Zum Gl\u00fcck &#8230;!&#8220; habe ich diesmal mit Herrn Peter Franz gesprochen, Gesch\u00e4ftsf\u00fchrer des Vereins Prager-Haus Apolda. Er stellt das Prager-Haus vor, welches das ehemalige Gesch\u00e4ftshaus des j\u00fcdischen Kaufmanns Bernhard Prager war und nun ein j\u00fcdisches Museum beherbergt.<\/p>\n\n\n\n<figure class=\"wp-block-embed-youtube wp-block-embed is-type-video is-provider-youtube wp-embed-aspect-16-9 wp-has-aspect-ratio\"><div class=\"wp-block-embed__wrapper\">\n<iframe loading=\"lazy\" title=\"Zum Gl\u00fcck ... gibt es den Prager-Haus Apolda e.V.!\" width=\"1200\" height=\"675\" src=\"https:\/\/www.youtube.com\/embed\/RW_nYrm3ZD0?feature=oembed\" frameborder=\"0\" allow=\"accelerometer; autoplay; encrypted-media; gyroscope; picture-in-picture\" allowfullscreen><\/iframe>\n<\/div><\/figure>\n\n\n\n<p class=\"wp-block-paragraph\">Das Video gibt es auch auf der\u00a0<a href=\"http:\/\/www.salve.tv\/tv\/Salve\/21293\/Zum-Glueck-..!---gibt-es-den-Prager-Haus-Apolda-e.V\">Salve TV Homepage<\/a>\u00a0sowie aus meinem\u00a0<a href=\"https:\/\/www.youtube.com\/watch?v=RW_nYrm3ZD0\">YouTube Kanal Marion Schneider<\/a>.<\/p>\n","protected":false},"excerpt":{"rendered":"<p>F\u00fcr meine Salve TV Sendereihe &#8222;Zum Gl\u00fcck &#8230;!&#8220; habe ich diesmal mit Herrn Peter Franz gesprochen, Gesch\u00e4ftsf\u00fchrer des Vereins Prager-Haus Apolda. Er stellt das Prager-Haus vor, welches das ehemalige Gesch\u00e4ftshaus des j\u00fcdischen Kaufmanns Bernhard Prager war und nun ein j\u00fcdisches Museum beherbergt. Das Video gibt &#8230; <a title=\"Zum Gl\u00fcck &#8230; gibt es den Prager-Haus Apolda e.V.!\" class=\"read-more\" href=\"https:\/\/www.marionschneider.com\/de\/zum-glueck-gibt-es-den-prager-haus-apolda-e-v\/\" aria-label=\"Mehr Informationen \u00fcber Zum Gl\u00fcck &#8230; gibt es den Prager-Haus Apolda e.V.!\">weiterlesen<\/a><\/p>\n","protected":false},"author":8,"featured_media":4800,"comment_status":"closed","ping_status":"closed","sticky":false,"template":"","format":"standard","meta":{"footnotes":""},"categories":[9],"tags":[137,139,138,136,72],"class_list":["post-4799","post","type-post","status-publish","format-standard","has-post-thumbnail","hentry","category-geschichte","tag-apolda","tag-juedisch","tag-museum","tag-prager-haus","tag-zum-glueck","infinite-scroll-item","generate-columns","tablet-grid-50","mobile-grid-100","grid-parent","grid-50"],"yoast_head":"<!-- This site is optimized with the Yoast SEO plugin v28.2 - https:\/\/yoast.com\/product\/yoast-seo-wordpress\/ -->\n<title>Zum Gl\u00fcck ... gibt es den Prager-Haus Apolda e.V.! - Marion Schneider<\/title>\n<meta name=\"robots\" content=\"index, follow, max-snippet:-1, max-image-preview:large, max-video-preview:-1\" \/>\n<link rel=\"canonical\" href=\"https:\/\/www.marionschneider.com\/de\/zum-glueck-gibt-es-den-prager-haus-apolda-e-v\/\" \/>\n<meta property=\"og:locale\" content=\"de_DE\" \/>\n<meta property=\"og:type\" content=\"article\" \/>\n<meta property=\"og:title\" content=\"Zum Gl\u00fcck ... gibt es den Prager-Haus Apolda e.V.! - Marion Schneider\" \/>\n<meta property=\"og:description\" content=\"F\u00fcr meine Salve TV Sendereihe &#8222;Zum Gl\u00fcck &#8230;!&#8220; habe ich diesmal mit Herrn Peter Franz gesprochen, Gesch\u00e4ftsf\u00fchrer des Vereins Prager-Haus Apolda. Er stellt das Prager-Haus vor, welches das ehemalige Gesch\u00e4ftshaus des j\u00fcdischen Kaufmanns Bernhard Prager war und nun ein j\u00fcdisches Museum beherbergt. Das Video gibt ... weiterlesen\" \/>\n<meta property=\"og:url\" content=\"https:\/\/www.marionschneider.com\/de\/zum-glueck-gibt-es-den-prager-haus-apolda-e-v\/\" \/>\n<meta property=\"og:site_name\" content=\"Marion Schneider\" \/>\n<meta property=\"article:publisher\" content=\"https:\/\/www.facebook.com\/Auerstedt\" \/>\n<meta property=\"article:published_time\" content=\"2020-06-18T12:47:59+00:00\" \/>\n<meta property=\"article:modified_time\" content=\"2020-06-18T12:48:02+00:00\" \/>\n<meta property=\"og:image\" content=\"https:\/\/www.marionschneider.com\/wp-content\/uploads\/Zum-Gl\u00fcck-Prager-Haus.png\" \/>\n\t<meta property=\"og:image:width\" content=\"718\" \/>\n\t<meta property=\"og:image:height\" content=\"402\" \/>\n\t<meta property=\"og:image:type\" content=\"image\/png\" \/>\n<meta name=\"author\" content=\"AnyaSunita\" \/>\n<meta name=\"twitter:card\" content=\"summary_large_image\" \/>\n<meta name=\"twitter:creator\" content=\"@kbsmarion\" \/>\n<meta name=\"twitter:site\" content=\"@kbsmarion\" \/>\n<meta name=\"twitter:label1\" content=\"Verfasst von\" \/>\n\t<meta name=\"twitter:data1\" content=\"AnyaSunita\" \/>\n<script type=\"application\/ld+json\" class=\"yoast-schema-graph\">{\"@context\":\"https:\\\/\\\/schema.org\",\"@graph\":[{\"@type\":\"Article\",\"@id\":\"https:\\\/\\\/www.marionschneider.com\\\/de\\\/zum-glueck-gibt-es-den-prager-haus-apolda-e-v\\\/#article\",\"isPartOf\":{\"@id\":\"https:\\\/\\\/www.marionschneider.com\\\/de\\\/zum-glueck-gibt-es-den-prager-haus-apolda-e-v\\\/\"},\"author\":{\"name\":\"AnyaSunita\",\"@id\":\"https:\\\/\\\/www.marionschneider.com\\\/de\\\/#\\\/schema\\\/person\\\/ba736fb300e50d2895239e3148db006f\"},\"headline\":\"Zum Gl\u00fcck &#8230; gibt es den Prager-Haus Apolda e.V.!\",\"datePublished\":\"2020-06-18T12:47:59+00:00\",\"dateModified\":\"2020-06-18T12:48:02+00:00\",\"mainEntityOfPage\":{\"@id\":\"https:\\\/\\\/www.marionschneider.com\\\/de\\\/zum-glueck-gibt-es-den-prager-haus-apolda-e-v\\\/\"},\"wordCount\":84,\"publisher\":{\"@id\":\"https:\\\/\\\/www.marionschneider.com\\\/de\\\/#organization\"},\"image\":{\"@id\":\"https:\\\/\\\/www.marionschneider.com\\\/de\\\/zum-glueck-gibt-es-den-prager-haus-apolda-e-v\\\/#primaryimage\"},\"thumbnailUrl\":\"https:\\\/\\\/www.marionschneider.com\\\/wp-content\\\/uploads\\\/Zum-Gl\u00fcck-Prager-Haus.png\",\"keywords\":[\"apolda\",\"j\u00fcdisch\",\"museum\",\"prager haus\",\"Zum Gl\u00fcck\"],\"articleSection\":[\"Geschichte\"],\"inLanguage\":\"de\"},{\"@type\":\"WebPage\",\"@id\":\"https:\\\/\\\/www.marionschneider.com\\\/de\\\/zum-glueck-gibt-es-den-prager-haus-apolda-e-v\\\/\",\"url\":\"https:\\\/\\\/www.marionschneider.com\\\/de\\\/zum-glueck-gibt-es-den-prager-haus-apolda-e-v\\\/\",\"name\":\"Zum Gl\u00fcck ... gibt es den Prager-Haus Apolda e.V.! - Marion Schneider\",\"isPartOf\":{\"@id\":\"https:\\\/\\\/www.marionschneider.com\\\/de\\\/#website\"},\"primaryImageOfPage\":{\"@id\":\"https:\\\/\\\/www.marionschneider.com\\\/de\\\/zum-glueck-gibt-es-den-prager-haus-apolda-e-v\\\/#primaryimage\"},\"image\":{\"@id\":\"https:\\\/\\\/www.marionschneider.com\\\/de\\\/zum-glueck-gibt-es-den-prager-haus-apolda-e-v\\\/#primaryimage\"},\"thumbnailUrl\":\"https:\\\/\\\/www.marionschneider.com\\\/wp-content\\\/uploads\\\/Zum-Gl\u00fcck-Prager-Haus.png\",\"datePublished\":\"2020-06-18T12:47:59+00:00\",\"dateModified\":\"2020-06-18T12:48:02+00:00\",\"breadcrumb\":{\"@id\":\"https:\\\/\\\/www.marionschneider.com\\\/de\\\/zum-glueck-gibt-es-den-prager-haus-apolda-e-v\\\/#breadcrumb\"},\"inLanguage\":\"de\",\"potentialAction\":[{\"@type\":\"ReadAction\",\"target\":[\"https:\\\/\\\/www.marionschneider.com\\\/de\\\/zum-glueck-gibt-es-den-prager-haus-apolda-e-v\\\/\"]}]},{\"@type\":\"ImageObject\",\"inLanguage\":\"de\",\"@id\":\"https:\\\/\\\/www.marionschneider.com\\\/de\\\/zum-glueck-gibt-es-den-prager-haus-apolda-e-v\\\/#primaryimage\",\"url\":\"https:\\\/\\\/www.marionschneider.com\\\/wp-content\\\/uploads\\\/Zum-Gl\u00fcck-Prager-Haus.png\",\"contentUrl\":\"https:\\\/\\\/www.marionschneider.com\\\/wp-content\\\/uploads\\\/Zum-Gl\u00fcck-Prager-Haus.png\",\"width\":718,\"height\":402},{\"@type\":\"BreadcrumbList\",\"@id\":\"https:\\\/\\\/www.marionschneider.com\\\/de\\\/zum-glueck-gibt-es-den-prager-haus-apolda-e-v\\\/#breadcrumb\",\"itemListElement\":[{\"@type\":\"ListItem\",\"position\":1,\"name\":\"Home\",\"item\":\"https:\\\/\\\/www.marionschneider.com\\\/de\\\/\"},{\"@type\":\"ListItem\",\"position\":2,\"name\":\"Welt &amp; Politik\",\"item\":\"https:\\\/\\\/www.marionschneider.com\\\/de\\\/category\\\/welt-politik\\\/\"},{\"@type\":\"ListItem\",\"position\":3,\"name\":\"Geschichte\",\"item\":\"https:\\\/\\\/www.marionschneider.com\\\/de\\\/category\\\/welt-politik\\\/geschichte\\\/\"},{\"@type\":\"ListItem\",\"position\":4,\"name\":\"Zum Gl\u00fcck &#8230; gibt es den Prager-Haus Apolda e.V.!\"}]},{\"@type\":\"WebSite\",\"@id\":\"https:\\\/\\\/www.marionschneider.com\\\/de\\\/#website\",\"url\":\"https:\\\/\\\/www.marionschneider.com\\\/de\\\/\",\"name\":\"Marion Schneider\",\"description\":\"Autorenseite\",\"publisher\":{\"@id\":\"https:\\\/\\\/www.marionschneider.com\\\/de\\\/#organization\"},\"potentialAction\":[{\"@type\":\"SearchAction\",\"target\":{\"@type\":\"EntryPoint\",\"urlTemplate\":\"https:\\\/\\\/www.marionschneider.com\\\/de\\\/?s={search_term_string}\"},\"query-input\":{\"@type\":\"PropertyValueSpecification\",\"valueRequired\":true,\"valueName\":\"search_term_string\"}}],\"inLanguage\":\"de\"},{\"@type\":\"Organization\",\"@id\":\"https:\\\/\\\/www.marionschneider.com\\\/de\\\/#organization\",\"name\":\"Marion Schneider\",\"url\":\"https:\\\/\\\/www.marionschneider.com\\\/de\\\/\",\"logo\":{\"@type\":\"ImageObject\",\"inLanguage\":\"de\",\"@id\":\"https:\\\/\\\/www.marionschneider.com\\\/de\\\/#\\\/schema\\\/logo\\\/image\\\/\",\"url\":\"https:\\\/\\\/www.marionschneider.com\\\/wp-content\\\/uploads\\\/Logo_MS4p24.png\",\"contentUrl\":\"https:\\\/\\\/www.marionschneider.com\\\/wp-content\\\/uploads\\\/Logo_MS4p24.png\",\"width\":225,\"height\":160,\"caption\":\"Marion Schneider\"},\"image\":{\"@id\":\"https:\\\/\\\/www.marionschneider.com\\\/de\\\/#\\\/schema\\\/logo\\\/image\\\/\"},\"sameAs\":[\"https:\\\/\\\/www.facebook.com\\\/Auerstedt\",\"https:\\\/\\\/x.com\\\/kbsmarion\"]},{\"@type\":\"Person\",\"@id\":\"https:\\\/\\\/www.marionschneider.com\\\/de\\\/#\\\/schema\\\/person\\\/ba736fb300e50d2895239e3148db006f\",\"name\":\"AnyaSunita\",\"url\":\"https:\\\/\\\/www.marionschneider.com\\\/de\\\/author\\\/anyasunita\\\/\"}]}<\/script>\n<!-- \/ Yoast SEO plugin. -->","yoast_head_json":{"title":"Zum Gl\u00fcck ... gibt es den Prager-Haus Apolda e.V.! - Marion Schneider","robots":{"index":"index","follow":"follow","max-snippet":"max-snippet:-1","max-image-preview":"max-image-preview:large","max-video-preview":"max-video-preview:-1"},"canonical":"https:\/\/www.marionschneider.com\/de\/zum-glueck-gibt-es-den-prager-haus-apolda-e-v\/","og_locale":"de_DE","og_type":"article","og_title":"Zum Gl\u00fcck ... gibt es den Prager-Haus Apolda e.V.! - Marion Schneider","og_description":"F\u00fcr meine Salve TV Sendereihe &#8222;Zum Gl\u00fcck &#8230;!&#8220; habe ich diesmal mit Herrn Peter Franz gesprochen, Gesch\u00e4ftsf\u00fchrer des Vereins Prager-Haus Apolda. Er stellt das Prager-Haus vor, welches das ehemalige Gesch\u00e4ftshaus des j\u00fcdischen Kaufmanns Bernhard Prager war und nun ein j\u00fcdisches Museum beherbergt. Das Video gibt ... weiterlesen","og_url":"https:\/\/www.marionschneider.com\/de\/zum-glueck-gibt-es-den-prager-haus-apolda-e-v\/","og_site_name":"Marion Schneider","article_publisher":"https:\/\/www.facebook.com\/Auerstedt","article_published_time":"2020-06-18T12:47:59+00:00","article_modified_time":"2020-06-18T12:48:02+00:00","og_image":[{"width":718,"height":402,"url":"https:\/\/www.marionschneider.com\/wp-content\/uploads\/Zum-Gl\u00fcck-Prager-Haus.png","type":"image\/png"}],"author":"AnyaSunita","twitter_card":"summary_large_image","twitter_creator":"@kbsmarion","twitter_site":"@kbsmarion","twitter_misc":{"Verfasst von":"AnyaSunita"},"schema":{"@context":"https:\/\/schema.org","@graph":[{"@type":"Article","@id":"https:\/\/www.marionschneider.com\/de\/zum-glueck-gibt-es-den-prager-haus-apolda-e-v\/#article","isPartOf":{"@id":"https:\/\/www.marionschneider.com\/de\/zum-glueck-gibt-es-den-prager-haus-apolda-e-v\/"},"author":{"name":"AnyaSunita","@id":"https:\/\/www.marionschneider.com\/de\/#\/schema\/person\/ba736fb300e50d2895239e3148db006f"},"headline":"Zum Gl\u00fcck &#8230; gibt es den Prager-Haus Apolda e.V.!","datePublished":"2020-06-18T12:47:59+00:00","dateModified":"2020-06-18T12:48:02+00:00","mainEntityOfPage":{"@id":"https:\/\/www.marionschneider.com\/de\/zum-glueck-gibt-es-den-prager-haus-apolda-e-v\/"},"wordCount":84,"publisher":{"@id":"https:\/\/www.marionschneider.com\/de\/#organization"},"image":{"@id":"https:\/\/www.marionschneider.com\/de\/zum-glueck-gibt-es-den-prager-haus-apolda-e-v\/#primaryimage"},"thumbnailUrl":"https:\/\/www.marionschneider.com\/wp-content\/uploads\/Zum-Gl\u00fcck-Prager-Haus.png","keywords":["apolda","j\u00fcdisch","museum","prager haus","Zum Gl\u00fcck"],"articleSection":["Geschichte"],"inLanguage":"de"},{"@type":"WebPage","@id":"https:\/\/www.marionschneider.com\/de\/zum-glueck-gibt-es-den-prager-haus-apolda-e-v\/","url":"https:\/\/www.marionschneider.com\/de\/zum-glueck-gibt-es-den-prager-haus-apolda-e-v\/","name":"Zum Gl\u00fcck ... gibt es den Prager-Haus Apolda e.V.! - Marion Schneider","isPartOf":{"@id":"https:\/\/www.marionschneider.com\/de\/#website"},"primaryImageOfPage":{"@id":"https:\/\/www.marionschneider.com\/de\/zum-glueck-gibt-es-den-prager-haus-apolda-e-v\/#primaryimage"},"image":{"@id":"https:\/\/www.marionschneider.com\/de\/zum-glueck-gibt-es-den-prager-haus-apolda-e-v\/#primaryimage"},"thumbnailUrl":"https:\/\/www.marionschneider.com\/wp-content\/uploads\/Zum-Gl\u00fcck-Prager-Haus.png","datePublished":"2020-06-18T12:47:59+00:00","dateModified":"2020-06-18T12:48:02+00:00","breadcrumb":{"@id":"https:\/\/www.marionschneider.com\/de\/zum-glueck-gibt-es-den-prager-haus-apolda-e-v\/#breadcrumb"},"inLanguage":"de","potentialAction":[{"@type":"ReadAction","target":["https:\/\/www.marionschneider.com\/de\/zum-glueck-gibt-es-den-prager-haus-apolda-e-v\/"]}]},{"@type":"ImageObject","inLanguage":"de","@id":"https:\/\/www.marionschneider.com\/de\/zum-glueck-gibt-es-den-prager-haus-apolda-e-v\/#primaryimage","url":"https:\/\/www.marionschneider.com\/wp-content\/uploads\/Zum-Gl\u00fcck-Prager-Haus.png","contentUrl":"https:\/\/www.marionschneider.com\/wp-content\/uploads\/Zum-Gl\u00fcck-Prager-Haus.png","width":718,"height":402},{"@type":"BreadcrumbList","@id":"https:\/\/www.marionschneider.com\/de\/zum-glueck-gibt-es-den-prager-haus-apolda-e-v\/#breadcrumb","itemListElement":[{"@type":"ListItem","position":1,"name":"Home","item":"https:\/\/www.marionschneider.com\/de\/"},{"@type":"ListItem","position":2,"name":"Welt &amp; Politik","item":"https:\/\/www.marionschneider.com\/de\/category\/welt-politik\/"},{"@type":"ListItem","position":3,"name":"Geschichte","item":"https:\/\/www.marionschneider.com\/de\/category\/welt-politik\/geschichte\/"},{"@type":"ListItem","position":4,"name":"Zum Gl\u00fcck &#8230; gibt es den Prager-Haus Apolda e.V.!"}]},{"@type":"WebSite","@id":"https:\/\/www.marionschneider.com\/de\/#website","url":"https:\/\/www.marionschneider.com\/de\/","name":"Marion Schneider","description":"Autorenseite","publisher":{"@id":"https:\/\/www.marionschneider.com\/de\/#organization"},"potentialAction":[{"@type":"SearchAction","target":{"@type":"EntryPoint","urlTemplate":"https:\/\/www.marionschneider.com\/de\/?s={search_term_string}"},"query-input":{"@type":"PropertyValueSpecification","valueRequired":true,"valueName":"search_term_string"}}],"inLanguage":"de"},{"@type":"Organization","@id":"https:\/\/www.marionschneider.com\/de\/#organization","name":"Marion Schneider","url":"https:\/\/www.marionschneider.com\/de\/","logo":{"@type":"ImageObject","inLanguage":"de","@id":"https:\/\/www.marionschneider.com\/de\/#\/schema\/logo\/image\/","url":"https:\/\/www.marionschneider.com\/wp-content\/uploads\/Logo_MS4p24.png","contentUrl":"https:\/\/www.marionschneider.com\/wp-content\/uploads\/Logo_MS4p24.png","width":225,"height":160,"caption":"Marion Schneider"},"image":{"@id":"https:\/\/www.marionschneider.com\/de\/#\/schema\/logo\/image\/"},"sameAs":["https:\/\/www.facebook.com\/Auerstedt","https:\/\/x.com\/kbsmarion"]},{"@type":"Person","@id":"https:\/\/www.marionschneider.com\/de\/#\/schema\/person\/ba736fb300e50d2895239e3148db006f","name":"AnyaSunita","url":"https:\/\/www.marionschneider.com\/de\/author\/anyasunita\/"}]}},"views":903,"_links":{"self":[{"href":"https:\/\/www.marionschneider.com\/de\/wp-json\/wp\/v2\/posts\/4799","targetHints":{"allow":["GET"]}}],"collection":[{"href":"https:\/\/www.marionschneider.com\/de\/wp-json\/wp\/v2\/posts"}],"about":[{"href":"https:\/\/www.marionschneider.com\/de\/wp-json\/wp\/v2\/types\/post"}],"author":[{"embeddable":true,"href":"https:\/\/www.marionschneider.com\/de\/wp-json\/wp\/v2\/users\/8"}],"replies":[{"embeddable":true,"href":"https:\/\/www.marionschneider.com\/de\/wp-json\/wp\/v2\/comments?post=4799"}],"version-history":[{"count":0,"href":"https:\/\/www.marionschneider.com\/de\/wp-json\/wp\/v2\/posts\/4799\/revisions"}],"wp:featuredmedia":[{"embeddable":true,"href":"https:\/\/www.marionschneider.com\/de\/wp-json\/wp\/v2\/media\/4800"}],"wp:attachment":[{"href":"https:\/\/www.marionschneider.com\/de\/wp-json\/wp\/v2\/media?parent=4799"}],"wp:term":[{"taxonomy":"category","embeddable":true,"href":"https:\/\/www.marionschneider.com\/de\/wp-json\/wp\/v2\/categories?post=4799"},{"taxonomy":"post_tag","embeddable":true,"href":"https:\/\/www.marionschneider.com\/de\/wp-json\/wp\/v2\/tags?post=4799"}],"curies":[{"name":"wp","href":"https:\/\/api.w.org\/{rel}","templated":true}]}}