{"id":577,"date":"2012-08-27T22:39:40","date_gmt":"2012-08-27T20:39:40","guid":{"rendered":"http:\/\/localhost:8888\/com.marionschneider\/angriff-auf-den-irak\/"},"modified":"2013-01-31T15:37:35","modified_gmt":"2013-01-31T13:37:35","slug":"angriff-auf-den-irak","status":"publish","type":"post","link":"https:\/\/www.marionschneider.com\/de\/angriff-auf-den-irak\/","title":{"rendered":"Angriff auf den Irak?"},"content":{"rendered":"<p>Keine neue Idee, ein Land anzugreifen, um es zu befreien. Napoleon wurde daf\u00fcr ber\u00fchmt. Pr\u00e4sident Bush nennt dieses Motiv nicht als prim\u00e4res. Prim\u00e4r geht es ihm um Sicherheit f\u00fcr sein Land und die Welt. Doch wird ein Krieg gegen den Irak die Welt sicherer machen? Und: heiligt der Zweck die Mittel?<br \/>\nDie Entwicklung eines Landes hin zur Demokratie braucht Zeit. Wir k\u00f6nnen dies durch historische Studien der Entwicklung vieler L\u00e4nder best\u00e4tigen. Die L\u00e4nder ben\u00f6tigen verschieden lang, und Phasen von Liberalismus k\u00f6nnen von Phasen der Diktatur abgel\u00f6st werden, bis sie wieder demokratische Phasen erreichen. Demokratien k\u00f6nnen dies an ihrer eigenen Entwicklung studieren.<br \/>\nSieht man die Entwicklung der Nationen hin zur Demokratie als erwachsen werden \u2013 und vieles spricht daf\u00fcr \u2013 dann ist die Frage, ob \u00e4u\u00dfere Repression diesen Prozess beschleunigen kann. Es geht von diesem Blickwinkel aus betrachtet um die Frage, wie nachhaltig Zwang die Einsicht f\u00f6rdert, \u00e4u\u00dferer Druck innere Stabilit\u00e4t bewirkt. Die modernen Erziehungstheorien gehen von Vorbild- und \u00dcberzeugungswirkung als nachhaltigste p\u00e4dagogische Ma\u00dfnahmen aus \u2013 nat\u00fcrlich im Rahmen gesetzter Grenzen.<br \/>\nHandeln die USA als ein Vorbild, wenn sie den Irak angreifen, ohne alle Mittel einer friedlichen L\u00f6sung bis ins Letzte eingesetzt zu haben? Anders als zu Zeiten Hitlers haben wir eine Weltgemeinschaft mit wirkungsvollen legislativen, judikativen wie exekutiven Mitteln, Grenzen zu setzen und ihre Einhaltung zu erzwingen. Wir haben eine gro\u00dfe Mehrheit von Staaten, die gewillt sind, dies zu tun und daf\u00fcr Einsatz zu bringen. Die Weltgemeinschaft erfordert Opfer. Kein Land kann wie ohne sie vermeintlich autonom handeln. Proklamationen ohne vorherige Abstimmung bringen Probleme.<br \/>\nIm autorit\u00e4ren Weltbild zeichnet sich ein starker F\u00fchrer dadurch aus, dass er schnelle, einsame Entscheidungen trifft, die seine Untertanen willig befolgen sollten. Ein moderner F\u00fchrer stimmt sich mit seinen Abteilungsleitern ab, die wiederum in Kontakt mit den einzelnen Mitarbeitern stehen, und Entscheidungen basieren auf einem kontinuierlichen Zustimmungsprozess, denn moderne F\u00fchrer brauchen Mitarbeiter, die mitdenken und nicht nur blind ausf\u00fchren. Genau dieselben Prozesse sind auch in einer Staatengemeinschaft vonn\u00f6ten: Abstimmungsprozesse. Nat\u00fcrlich ben\u00f6tigen sie Zeit. Der Vorteil aber ist ein gemeinsames Handeln und die wesentlich gr\u00f6\u00dfere Chance der Vermeidung tiefgreifender Konflikte, die zu Aggressionen f\u00fchren k\u00f6nnten. Der Vorteil ist also ein friedliches Ergebnis.<br \/>\nIst zum einen ein gewisser Zeiteinsatz n\u00f6tig, Gemeinsamkeit zu erreichen, so ist zum anderen die Bereitschaft, dem anderen zuzuh\u00f6ren und den anderen Standpunkt verstehen zu wollen, vonn\u00f6ten. Autorit\u00e4re F\u00fchrer brauchen das nicht. Sie wissen, was sie wollen und f\u00fchlen sich dadurch stark. Demokratische F\u00fchrer suchen das Verst\u00e4ndnis, um optimale Ergebnisse zu erzielen. Autorit\u00e4re F\u00fchrer glauben, sie w\u00fcssten das beste Ergebnis, auch ohne den Gegenpart anzuh\u00f6ren. Dies geh\u00f6rt zu ihrem Rollenbild.<br \/>\nAutorit\u00e4re F\u00fchrer lassen sich weitgehend von Stereotypen leiten, Bildern, die festlegen, wie sie zu handeln haben und wie sie annehmen, dass andere gem\u00e4\u00df ihrer Stereotypen handeln. Nat\u00fcrlich sind demokratische F\u00fchrer, ist niemand frei von Stereotypen, doch sie lassen sich in erster Linie von Zielen leiten, um erfolgreich zu sein.<br \/>\nNun steht die Welt im Wechselspiel autorit\u00e4rer und demokratischer F\u00fchrer und F\u00fchrungsmodelle. Umso notwendiger ist es, gemeinsame Ziele festzulegen und f\u00fcr ihre Einhaltung zu sorgen. International, versteht sich, denn kein Land kann mehr ohne Verbindung zu anderen L\u00e4ndern bestehen.<br \/>\nWird die USA, die sich als Hort der Demokratie begreift und darstellt, Vorbild sein, wenn sie den Irak angreift, ohne die rechtsstaatlichen Prozesse eingehalten zu haben? Ohne juristisch definitiv verwertbare Beweise, ohne Gerichtsverfahren? Und muss ein ganzes Land, Irak, einen Angriff ertragen, wenn der F\u00fchrer Saddam Hussein sich unrechtm\u00e4\u00dfig an der Macht h\u00e4lt? Sind dann nicht andere Ma\u00dfnahmen geboten und zu finden, die von der Weltgemeinschaft durchgesetzt werden k\u00f6nnen?<br \/>\nWird die USA die \u00d6ffentlichkeit in der Welt \u00fcberzeugen, wenn sie eigenm\u00e4chtig handelt? Geht es der F\u00fchrung der USA darum, die \u00d6ffentlichkeit zu \u00fcberzeugen? Dann erwartet diese nachhaltige und langanhaltende \u00dcberzeugungsarbeit ohne Erpressung. Auch dies ist eine Frage der Zeit. \u00dcberzeugungsarbeit braucht Zeit.<br \/>\nWie wollen wir den Terrorismus beenden, wenn die, die die politische, legislative und\/oder juristische Macht besitzen, sich nicht strikt an die Gesetze halten, die gelten? Wenn sie nicht zeigen, dass sie bereit sind, Verst\u00e4ndnis aufzubringen f\u00fcr die, die ihrer Herrschaft unterworfen sind oder f\u00fcr sich geltend machen, unter ihrer Herrschaft zu leiden?<br \/>\nIn der Zeit der Globalisierung und Interdependenz sind die Bindungsgesetze von Familie, Sippe und Nation den Zielen von friedlichem Miteinander, gegenseitigem Verst\u00e4ndnis und der Suche nach gemeinsamer, abgestimmter Entwicklung unterzuordnen. Wieso, k\u00f6nnte man sagen, Kriege k\u00f6nnen doch jetzt wesentlich effektiver gef\u00fchrt werden. Schnell und schmerzlos. Siehe Afghanistan. Sicher, im Vergleich zum Zweiten Weltkrieg war der Krieg gegen El Kaida in Afghanistan schnell. Aber kein Krieg ist schmerzlos. Jeder Tote ist ein Toter zu viel. Der Schmerz der \u00dcberlebenden ist nicht nur lebenslang, sondern besteht \u00fcber Generationen hinweg und hat Folgen. Hier setzt die Verantwortung eines modernen, demokratischen Politikers an: Verantwortung f\u00fcr jedes einzelne Leben zu \u00fcbernehmen. Und eben nicht nur der eigenen Familie, Sippe, Nation, sondern auch das der anderen L\u00e4nder, aller L\u00e4nder, aller Gemeinschaften.<br \/>\nSicher m\u00fcssen Terroristen die H\u00e4rte des Gesetzes zu sp\u00fcren bekommen. Doch sie m\u00fcssen fair behandelt werden von denen, die \u00fcber sie demokratische Macht aus\u00fcben. Nicht nur, um nicht noch mehr Hass, mehr Gewalt zu s\u00e4en. Auch, weil die, die die politische Macht innehaben, zeigen m\u00fcssen, was Demokratie bedeutet, um andere von ihr zu \u00fcberzeugen.<br \/>\nFairness mit M\u00f6rdern? Ja. Jeder einzelne M\u00f6rder muss ein Gerichtsverfahren erhalten. Er muss die Chance haben, seine Position darzustellen und seine Untaten im Verlauf des Prozesses \u00fcberdenken zu k\u00f6nnen. Der Rechtsstaat muss f\u00fcr alle gelten, denn wer legt sonst fest, wo er aufh\u00f6rt und f\u00fcr wen er nicht mehr gilt? K\u00f6nnten die Grenzen daf\u00fcr fair sein?<br \/>\nAlle kennen wir unser Bed\u00fcrfnis nach Fairness aus Familie, Schule und Sport. Und das Gl\u00fcck, das es bringt, wenn Autorit\u00e4ten Fairness walten lassen. Weil jeder von uns ein Mensch ist. Die Zeit der Verteufelung sollten wir im Mittelalter lassen. Dies gilt besonders f\u00fcr die, die politische Verantwortung tragen.<\/p>\n","protected":false},"excerpt":{"rendered":"<p>Keine neue Idee, ein Land anzugreifen, um es zu befreien. Napoleon wurde daf\u00fcr ber\u00fchmt. Pr\u00e4sident Bush nennt dieses Motiv nicht als prim\u00e4res. Prim\u00e4r geht es ihm um Sicherheit f\u00fcr sein Land und die Welt. Doch wird ein Krieg gegen den Irak die Welt sicherer machen? &#8230; <a title=\"Angriff auf den Irak?\" class=\"read-more\" href=\"https:\/\/www.marionschneider.com\/de\/angriff-auf-den-irak\/\" aria-label=\"Mehr Informationen \u00fcber Angriff auf den Irak?\">weiterlesen<\/a><\/p>\n","protected":false},"author":2,"featured_media":0,"comment_status":"closed","ping_status":"closed","sticky":false,"template":"","format":"standard","meta":{"footnotes":""},"categories":[8],"tags":[],"class_list":["post-577","post","type-post","status-publish","format-standard","hentry","category-gegenwart","infinite-scroll-item","generate-columns","tablet-grid-50","mobile-grid-100","grid-parent","grid-50"],"yoast_head":"<!-- This site is optimized with the Yoast SEO plugin v28.2 - https:\/\/yoast.com\/product\/yoast-seo-wordpress\/ -->\n<title>Angriff auf den Irak? - Marion Schneider<\/title>\n<meta name=\"robots\" content=\"index, follow, max-snippet:-1, max-image-preview:large, max-video-preview:-1\" \/>\n<link rel=\"canonical\" href=\"https:\/\/www.marionschneider.com\/de\/angriff-auf-den-irak\/\" \/>\n<meta property=\"og:locale\" content=\"de_DE\" \/>\n<meta property=\"og:type\" content=\"article\" \/>\n<meta property=\"og:title\" content=\"Angriff auf den Irak? - Marion Schneider\" \/>\n<meta property=\"og:description\" content=\"Keine neue Idee, ein Land anzugreifen, um es zu befreien. Napoleon wurde daf\u00fcr ber\u00fchmt. Pr\u00e4sident Bush nennt dieses Motiv nicht als prim\u00e4res. Prim\u00e4r geht es ihm um Sicherheit f\u00fcr sein Land und die Welt. Doch wird ein Krieg gegen den Irak die Welt sicherer machen? ... weiterlesen\" \/>\n<meta property=\"og:url\" content=\"https:\/\/www.marionschneider.com\/de\/angriff-auf-den-irak\/\" \/>\n<meta property=\"og:site_name\" content=\"Marion Schneider\" \/>\n<meta property=\"article:publisher\" content=\"https:\/\/www.facebook.com\/Auerstedt\" \/>\n<meta property=\"article:published_time\" content=\"2012-08-27T20:39:40+00:00\" \/>\n<meta property=\"article:modified_time\" content=\"2013-01-31T13:37:35+00:00\" \/>\n<meta name=\"author\" content=\"Marion Schneider\" \/>\n<meta name=\"twitter:card\" content=\"summary_large_image\" \/>\n<meta name=\"twitter:creator\" content=\"@kbsmarion\" \/>\n<meta name=\"twitter:site\" content=\"@kbsmarion\" \/>\n<meta name=\"twitter:label1\" content=\"Verfasst von\" \/>\n\t<meta name=\"twitter:data1\" content=\"Marion Schneider\" \/>\n\t<meta name=\"twitter:label2\" content=\"Gesch\u00e4tzte Lesezeit\" \/>\n\t<meta name=\"twitter:data2\" content=\"5\u00a0Minuten\" \/>\n<script type=\"application\/ld+json\" class=\"yoast-schema-graph\">{\"@context\":\"https:\\\/\\\/schema.org\",\"@graph\":[{\"@type\":\"Article\",\"@id\":\"https:\\\/\\\/www.marionschneider.com\\\/de\\\/angriff-auf-den-irak\\\/#article\",\"isPartOf\":{\"@id\":\"https:\\\/\\\/www.marionschneider.com\\\/de\\\/angriff-auf-den-irak\\\/\"},\"author\":{\"name\":\"Marion Schneider\",\"@id\":\"https:\\\/\\\/www.marionschneider.com\\\/de\\\/#\\\/schema\\\/person\\\/9af9143c59d35d733dd55bc8fd20b746\"},\"headline\":\"Angriff auf den Irak?\",\"datePublished\":\"2012-08-27T20:39:40+00:00\",\"dateModified\":\"2013-01-31T13:37:35+00:00\",\"mainEntityOfPage\":{\"@id\":\"https:\\\/\\\/www.marionschneider.com\\\/de\\\/angriff-auf-den-irak\\\/\"},\"wordCount\":1056,\"publisher\":{\"@id\":\"https:\\\/\\\/www.marionschneider.com\\\/de\\\/#organization\"},\"articleSection\":[\"Gegenwart\"],\"inLanguage\":\"de\"},{\"@type\":\"WebPage\",\"@id\":\"https:\\\/\\\/www.marionschneider.com\\\/de\\\/angriff-auf-den-irak\\\/\",\"url\":\"https:\\\/\\\/www.marionschneider.com\\\/de\\\/angriff-auf-den-irak\\\/\",\"name\":\"Angriff auf den Irak? - Marion Schneider\",\"isPartOf\":{\"@id\":\"https:\\\/\\\/www.marionschneider.com\\\/de\\\/#website\"},\"datePublished\":\"2012-08-27T20:39:40+00:00\",\"dateModified\":\"2013-01-31T13:37:35+00:00\",\"breadcrumb\":{\"@id\":\"https:\\\/\\\/www.marionschneider.com\\\/de\\\/angriff-auf-den-irak\\\/#breadcrumb\"},\"inLanguage\":\"de\",\"potentialAction\":[{\"@type\":\"ReadAction\",\"target\":[\"https:\\\/\\\/www.marionschneider.com\\\/de\\\/angriff-auf-den-irak\\\/\"]}]},{\"@type\":\"BreadcrumbList\",\"@id\":\"https:\\\/\\\/www.marionschneider.com\\\/de\\\/angriff-auf-den-irak\\\/#breadcrumb\",\"itemListElement\":[{\"@type\":\"ListItem\",\"position\":1,\"name\":\"Home\",\"item\":\"https:\\\/\\\/www.marionschneider.com\\\/de\\\/\"},{\"@type\":\"ListItem\",\"position\":2,\"name\":\"Welt &amp; Politik\",\"item\":\"https:\\\/\\\/www.marionschneider.com\\\/de\\\/category\\\/welt-politik\\\/\"},{\"@type\":\"ListItem\",\"position\":3,\"name\":\"Gegenwart\",\"item\":\"https:\\\/\\\/www.marionschneider.com\\\/de\\\/category\\\/welt-politik\\\/gegenwart\\\/\"},{\"@type\":\"ListItem\",\"position\":4,\"name\":\"Angriff auf den Irak?\"}]},{\"@type\":\"WebSite\",\"@id\":\"https:\\\/\\\/www.marionschneider.com\\\/de\\\/#website\",\"url\":\"https:\\\/\\\/www.marionschneider.com\\\/de\\\/\",\"name\":\"Marion Schneider\",\"description\":\"Autorenseite\",\"publisher\":{\"@id\":\"https:\\\/\\\/www.marionschneider.com\\\/de\\\/#organization\"},\"potentialAction\":[{\"@type\":\"SearchAction\",\"target\":{\"@type\":\"EntryPoint\",\"urlTemplate\":\"https:\\\/\\\/www.marionschneider.com\\\/de\\\/?s={search_term_string}\"},\"query-input\":{\"@type\":\"PropertyValueSpecification\",\"valueRequired\":true,\"valueName\":\"search_term_string\"}}],\"inLanguage\":\"de\"},{\"@type\":\"Organization\",\"@id\":\"https:\\\/\\\/www.marionschneider.com\\\/de\\\/#organization\",\"name\":\"Marion Schneider\",\"url\":\"https:\\\/\\\/www.marionschneider.com\\\/de\\\/\",\"logo\":{\"@type\":\"ImageObject\",\"inLanguage\":\"de\",\"@id\":\"https:\\\/\\\/www.marionschneider.com\\\/de\\\/#\\\/schema\\\/logo\\\/image\\\/\",\"url\":\"https:\\\/\\\/www.marionschneider.com\\\/wp-content\\\/uploads\\\/Logo_MS4p24.png\",\"contentUrl\":\"https:\\\/\\\/www.marionschneider.com\\\/wp-content\\\/uploads\\\/Logo_MS4p24.png\",\"width\":225,\"height\":160,\"caption\":\"Marion Schneider\"},\"image\":{\"@id\":\"https:\\\/\\\/www.marionschneider.com\\\/de\\\/#\\\/schema\\\/logo\\\/image\\\/\"},\"sameAs\":[\"https:\\\/\\\/www.facebook.com\\\/Auerstedt\",\"https:\\\/\\\/x.com\\\/kbsmarion\"]},{\"@type\":\"Person\",\"@id\":\"https:\\\/\\\/www.marionschneider.com\\\/de\\\/#\\\/schema\\\/person\\\/9af9143c59d35d733dd55bc8fd20b746\",\"name\":\"Marion Schneider\",\"url\":\"https:\\\/\\\/www.marionschneider.com\\\/de\\\/author\\\/marion-schneider\\\/\"}]}<\/script>\n<!-- \/ Yoast SEO plugin. -->","yoast_head_json":{"title":"Angriff auf den Irak? - Marion Schneider","robots":{"index":"index","follow":"follow","max-snippet":"max-snippet:-1","max-image-preview":"max-image-preview:large","max-video-preview":"max-video-preview:-1"},"canonical":"https:\/\/www.marionschneider.com\/de\/angriff-auf-den-irak\/","og_locale":"de_DE","og_type":"article","og_title":"Angriff auf den Irak? - Marion Schneider","og_description":"Keine neue Idee, ein Land anzugreifen, um es zu befreien. Napoleon wurde daf\u00fcr ber\u00fchmt. Pr\u00e4sident Bush nennt dieses Motiv nicht als prim\u00e4res. Prim\u00e4r geht es ihm um Sicherheit f\u00fcr sein Land und die Welt. Doch wird ein Krieg gegen den Irak die Welt sicherer machen? ... weiterlesen","og_url":"https:\/\/www.marionschneider.com\/de\/angriff-auf-den-irak\/","og_site_name":"Marion Schneider","article_publisher":"https:\/\/www.facebook.com\/Auerstedt","article_published_time":"2012-08-27T20:39:40+00:00","article_modified_time":"2013-01-31T13:37:35+00:00","author":"Marion Schneider","twitter_card":"summary_large_image","twitter_creator":"@kbsmarion","twitter_site":"@kbsmarion","twitter_misc":{"Verfasst von":"Marion Schneider","Gesch\u00e4tzte Lesezeit":"5\u00a0Minuten"},"schema":{"@context":"https:\/\/schema.org","@graph":[{"@type":"Article","@id":"https:\/\/www.marionschneider.com\/de\/angriff-auf-den-irak\/#article","isPartOf":{"@id":"https:\/\/www.marionschneider.com\/de\/angriff-auf-den-irak\/"},"author":{"name":"Marion Schneider","@id":"https:\/\/www.marionschneider.com\/de\/#\/schema\/person\/9af9143c59d35d733dd55bc8fd20b746"},"headline":"Angriff auf den Irak?","datePublished":"2012-08-27T20:39:40+00:00","dateModified":"2013-01-31T13:37:35+00:00","mainEntityOfPage":{"@id":"https:\/\/www.marionschneider.com\/de\/angriff-auf-den-irak\/"},"wordCount":1056,"publisher":{"@id":"https:\/\/www.marionschneider.com\/de\/#organization"},"articleSection":["Gegenwart"],"inLanguage":"de"},{"@type":"WebPage","@id":"https:\/\/www.marionschneider.com\/de\/angriff-auf-den-irak\/","url":"https:\/\/www.marionschneider.com\/de\/angriff-auf-den-irak\/","name":"Angriff auf den Irak? - Marion Schneider","isPartOf":{"@id":"https:\/\/www.marionschneider.com\/de\/#website"},"datePublished":"2012-08-27T20:39:40+00:00","dateModified":"2013-01-31T13:37:35+00:00","breadcrumb":{"@id":"https:\/\/www.marionschneider.com\/de\/angriff-auf-den-irak\/#breadcrumb"},"inLanguage":"de","potentialAction":[{"@type":"ReadAction","target":["https:\/\/www.marionschneider.com\/de\/angriff-auf-den-irak\/"]}]},{"@type":"BreadcrumbList","@id":"https:\/\/www.marionschneider.com\/de\/angriff-auf-den-irak\/#breadcrumb","itemListElement":[{"@type":"ListItem","position":1,"name":"Home","item":"https:\/\/www.marionschneider.com\/de\/"},{"@type":"ListItem","position":2,"name":"Welt &amp; Politik","item":"https:\/\/www.marionschneider.com\/de\/category\/welt-politik\/"},{"@type":"ListItem","position":3,"name":"Gegenwart","item":"https:\/\/www.marionschneider.com\/de\/category\/welt-politik\/gegenwart\/"},{"@type":"ListItem","position":4,"name":"Angriff auf den Irak?"}]},{"@type":"WebSite","@id":"https:\/\/www.marionschneider.com\/de\/#website","url":"https:\/\/www.marionschneider.com\/de\/","name":"Marion Schneider","description":"Autorenseite","publisher":{"@id":"https:\/\/www.marionschneider.com\/de\/#organization"},"potentialAction":[{"@type":"SearchAction","target":{"@type":"EntryPoint","urlTemplate":"https:\/\/www.marionschneider.com\/de\/?s={search_term_string}"},"query-input":{"@type":"PropertyValueSpecification","valueRequired":true,"valueName":"search_term_string"}}],"inLanguage":"de"},{"@type":"Organization","@id":"https:\/\/www.marionschneider.com\/de\/#organization","name":"Marion Schneider","url":"https:\/\/www.marionschneider.com\/de\/","logo":{"@type":"ImageObject","inLanguage":"de","@id":"https:\/\/www.marionschneider.com\/de\/#\/schema\/logo\/image\/","url":"https:\/\/www.marionschneider.com\/wp-content\/uploads\/Logo_MS4p24.png","contentUrl":"https:\/\/www.marionschneider.com\/wp-content\/uploads\/Logo_MS4p24.png","width":225,"height":160,"caption":"Marion Schneider"},"image":{"@id":"https:\/\/www.marionschneider.com\/de\/#\/schema\/logo\/image\/"},"sameAs":["https:\/\/www.facebook.com\/Auerstedt","https:\/\/x.com\/kbsmarion"]},{"@type":"Person","@id":"https:\/\/www.marionschneider.com\/de\/#\/schema\/person\/9af9143c59d35d733dd55bc8fd20b746","name":"Marion Schneider","url":"https:\/\/www.marionschneider.com\/de\/author\/marion-schneider\/"}]}},"views":2229,"_links":{"self":[{"href":"https:\/\/www.marionschneider.com\/de\/wp-json\/wp\/v2\/posts\/577","targetHints":{"allow":["GET"]}}],"collection":[{"href":"https:\/\/www.marionschneider.com\/de\/wp-json\/wp\/v2\/posts"}],"about":[{"href":"https:\/\/www.marionschneider.com\/de\/wp-json\/wp\/v2\/types\/post"}],"author":[{"embeddable":true,"href":"https:\/\/www.marionschneider.com\/de\/wp-json\/wp\/v2\/users\/2"}],"replies":[{"embeddable":true,"href":"https:\/\/www.marionschneider.com\/de\/wp-json\/wp\/v2\/comments?post=577"}],"version-history":[{"count":0,"href":"https:\/\/www.marionschneider.com\/de\/wp-json\/wp\/v2\/posts\/577\/revisions"}],"wp:attachment":[{"href":"https:\/\/www.marionschneider.com\/de\/wp-json\/wp\/v2\/media?parent=577"}],"wp:term":[{"taxonomy":"category","embeddable":true,"href":"https:\/\/www.marionschneider.com\/de\/wp-json\/wp\/v2\/categories?post=577"},{"taxonomy":"post_tag","embeddable":true,"href":"https:\/\/www.marionschneider.com\/de\/wp-json\/wp\/v2\/tags?post=577"}],"curies":[{"name":"wp","href":"https:\/\/api.w.org\/{rel}","templated":true}]}}