{"id":5907,"date":"2023-05-26T20:52:46","date_gmt":"2023-05-26T18:52:46","guid":{"rendered":"https:\/\/www.marionschneider.com\/?p=5907"},"modified":"2023-05-26T20:55:11","modified_gmt":"2023-05-26T18:55:11","slug":"strotzend-vor-kreativitaet","status":"publish","type":"post","link":"https:\/\/www.marionschneider.com\/de\/strotzend-vor-kreativitaet\/","title":{"rendered":"Strotzend vor Kreativit\u00e4t"},"content":{"rendered":"\n<p style=\"font-size:31px\">Eine geplante Kunstausstellung auf der Ordensburg Liebstedt mit Werken von Teilnehmern des internationalen Altzella-Workshops stellt eine W\u00fcrdigung an das Schaffen des K\u00fcnstlers und Weltb\u00fcrgers Batuz dar. Am 27. Mai 2023 wird der Friedensstifter und Vordenker 90 Jahre.<\/p>\n\n\n\n<p>Ein \u201eOrt des Friedens und des Dialogs mitten in Deutschland\u201c soll die Ordensburg in Liebstedt sein und damit ganz im Gegensatz zu ihrer urspr\u00fcnglichen Nutzung zum Schutz vor Feinden stehen. Das ist die in die Zukunft gerichtete Idee von Gesch\u00e4ftsf\u00fchrer Klaus Dieter B\u00f6hm und der weiteren Inhaber der Burg f\u00fcr den letzten, weitgehend erhalten gebliebenen Baukomplex des deutschen Ritterordens in Th\u00fcringen.<\/p>\n\n\n\n<p>Das Leben in einer friedlichen Welt, in der die Gemeinschaft der Menschen unabh\u00e4ngig von Stellung oder Besitz miteinander kommuniziert, gilt als die Vision des US-amerikanischen K\u00fcnstlers, Philosophen, Kulturaktivisten und Weltb\u00fcrgers Batuz, dem Gr\u00fcnder der Soci\u00e9t\u00e9 Imaginaire, einer Institution zur interkulturellen Kommunikation durch Kunst. Am 27. Mai 2023 wird der als Sohn einer ungarischen Gutsherrnfamilie in Budapest Geborene 90 Jahre.<\/p>\n\n\n\n<p>Die Ideen von Batuz, sein unerm\u00fcdliches, nach Frieden strebendes, zutiefst dem Humanismus verpflichtetes Wirken sollen sich in diesem Zusammenhang als sinnstiftend f\u00fcr die Liebstedter Burg erweisen. Das findet Marion Schneider. Die Auerstedter Unternehmerin, Historikerin, Autorin, Politikerin wurde durch pers\u00f6nliche Begegnungen und direktes Mitwirken an Projekten des K\u00fcnstlers auch f\u00fcr ihr eigenes Leben nachhaltig inspiriert und gepr\u00e4gt. Engagement f\u00fcr Frieden, Zivilcourage und die Bereitschaft zum stetigen und unvoreingenommenen Dialog sind f\u00fcr ihren bisherigen Lebensweg ma\u00dfgeblich.<\/p>\n\n\n\n<p>Marion Schneider hat selbst vielz\u00e4hlige Kunstwerke erworben, die Teilnehmer der von Batuz initiierten und gepr\u00e4gten internationalen Altzella-Workshops in den 1990er-2000er Jahren geschaffen haben. In einer Kunstausstellung auf der Ordensburg k\u00f6nnen fortan die vor Kreativit\u00e4t strotzenden Gem\u00e4lde bewundert werden. \u201eTeilnehmer aus \u00fcber 30 verschiedenen L\u00e4ndern kamen zusammen und verbrachten jeweils drei Wochen in Altzella, Tag und Nacht, ohne andere Kommunikationsmittel zur Au\u00dfenwelt. Das weckte ihre Kreativit\u00e4t und so widmeten sie sich ausschlie\u00dflich der Kunst\u201c, erkl\u00e4rt Marion Schneider die unverwechselbare sch\u00f6pferische Atmosph\u00e4re und den Hintergrund der Entstehung der ausgestellten Werke. Durch das Leben und die Zusammenarbeit im isolierten kl\u00f6sterlichen Umfeld, das nur der Kunst gewidmet war, h\u00e4tten die Teilnehmer Wege in den Geist des anderen entdeckt, wie es sonst in unserer modernen, turbulenten und gespaltenen Gesellschaft nahezu unm\u00f6glich sei.<\/p>\n\n\n<div class=\"wp-block-image\">\n<figure class=\"aligncenter size-full\"><img loading=\"lazy\" decoding=\"async\" width=\"540\" height=\"912\" src=\"https:\/\/www.marionschneider.com\/wp-content\/uploads\/reduziertAltzella-Workshop-Bilder-Sammlung-Marion-Schneider-Montage.Joerg-Schuster.jpg\" alt=\"\" class=\"wp-image-5910\" srcset=\"https:\/\/www.marionschneider.com\/wp-content\/uploads\/reduziertAltzella-Workshop-Bilder-Sammlung-Marion-Schneider-Montage.Joerg-Schuster.jpg 540w, https:\/\/www.marionschneider.com\/wp-content\/uploads\/reduziertAltzella-Workshop-Bilder-Sammlung-Marion-Schneider-Montage.Joerg-Schuster-284x480.jpg 284w, https:\/\/www.marionschneider.com\/wp-content\/uploads\/reduziertAltzella-Workshop-Bilder-Sammlung-Marion-Schneider-Montage.Joerg-Schuster-250x422.jpg 250w, https:\/\/www.marionschneider.com\/wp-content\/uploads\/reduziertAltzella-Workshop-Bilder-Sammlung-Marion-Schneider-Montage.Joerg-Schuster-107x180.jpg 107w, https:\/\/www.marionschneider.com\/wp-content\/uploads\/reduziertAltzella-Workshop-Bilder-Sammlung-Marion-Schneider-Montage.Joerg-Schuster-178x300.jpg 178w, https:\/\/www.marionschneider.com\/wp-content\/uploads\/reduziertAltzella-Workshop-Bilder-Sammlung-Marion-Schneider-Montage.Joerg-Schuster-296x500.jpg 296w\" sizes=\"auto, (max-width: 540px) 100vw, 540px\" \/><figcaption class=\"wp-element-caption\"><em>Bilder von diversen Teilnehmern aus Altzella-Workshops: Die von Marion Schneider erworbenen Werke sind in einer Ausstellung auf der Ordensburg in Liebstedt in Th\u00fcringen zu sehen.<br>Montage: J\u00f6rg Schuster<\/em><\/figcaption><\/figure>\n<\/div>\n\n\n<p>Batuz selbst erkl\u00e4rte im Vorwort eines Katalogs zu seinem \u201eWorking Center\u201c im s\u00e4chsischen Kloster Altzella sein Arbeitsprinzip wie folgt: \u201eIn diesen Projekten sind sich Menschen, unabh\u00e4ngig von ihrer kulturellen Herkunft, ihrer sozialen Stellung, ihres Alters oder ihrer Profession pers\u00f6nlich begegnet. Sie haben sich durch gemeinsame Arbeit besser kennengelernt und sie pflegen \u00fcber die `Correspondence` noch heute pers\u00f6nliche Beziehungen. Es besteht heute mehr denn je eine Notwendigkeit, dass sich<br>Menschen pers\u00f6nlich verst\u00e4ndigen, um Konflikte, die aus Gr\u00fcnden der Entfremdung heraufbeschworen werden, zu vermeiden.\u201c<\/p>\n\n\n\n<p>Die Idee eines grenzenlosen und friedlichen Zusammenlebens von Menschen wurzelt bei Batuz aus dem eigenen schlimmen Erlebten. Kurz vor dem Ende des Zweiten Weltkriegs floh die Familie vor der <a href=\"https:\/\/de.wikipedia.org\/wiki\/Rote_Armee\">Roten Armee<\/a> nach \u00d6sterreich und sollte nie wieder nach Ungarn zur\u00fcckkehren. Die Familie lebte in Fl\u00fcchtlingslagern und emigrierte nach <a href=\"https:\/\/de.wikipedia.org\/wiki\/Argentinien\">Argentinien<\/a>. Dort begann der heutige Weltb\u00fcrger zun\u00e4chst als Autodidakt in einem naturalistischen Stil zu malen. Anfangs kopierte er alte Meister und Impressionisten, um somit zum Familienunterhalt beizutragen. Er betrieb aber auch Studien in \u00c4sthetik und Philosophie und wurde stark durch <a href=\"https:\/\/de.wikipedia.org\/wiki\/Ortega_y_Gasset\">Ortega y Gasset<\/a> beeinflusst. 1973 \u00fcbersiedelte Batuz mit seiner Familie in die USA.<\/p>\n\n\n\n<p>Die Kunstausstellung mit den Werken von Altzella-Teilnehmern auf der Ordensburg versteht Marion Schneider als einen Anfang. Im Zusammenhang damit plant sie ein Buch: \u201eWenn nur die Gem\u00e4lde pr\u00e4sentiert w\u00fcrden, w\u00e4re es nur ein \u00e4sthetisches Erlebnis. Aber wenn es gelingt, die gesamte Atmosph\u00e4re und den Hintergrund der Entstehung der Werke und dem sch\u00f6pferischen Wirken von Batuz zu beschreiben, wird das die Werke zu einer Sammlung von enormer Bedeutung machen.\u201c<\/p>\n\n\n\n<p>J\u00f6rg Schuster<\/p>\n\n\n\n<h2 class=\"wp-block-heading\">Die Societ\u00e9 Imaginaire lebt weiter!<\/h2>\n\n\n\n<p>Die von dem K\u00fcnstler Batuz ins Leben gerufene Societ\u00e9 Imaginaire vereint Kunst und Politik sowie die Zivilgesellschaft und das Milit\u00e4r in dem Bestreben gemeinsamer Kommunikation. Miteinander reden und einander verstehen &#8211; das ist die Grundlage f\u00fcr den Frieden. Kommunikation nicht nur mit Worten, sondern auch mit Taten, gemeinsamen Aktionen, durch Visualisierung. Batuz hat mit seinem Lebenswerk eine Welt ohne Grenzen erschaffen.<\/p>\n\n\n\n<p>Ob soziale, religi\u00f6se, kulturelle, ethnische oder nationale Grenzen &#8211; Batuz ruft dazu auf, sie zu \u00fcberwinden. Das Projekt \u201eno mas fronteras&#8220; &#8211; keine Grenzen mehr &#8211; war nicht nur eine Kunstaktion in verschiedenen L\u00e4ndern der Welt mit unterschiedlichen Teilnehmern, sondern wurde zu einem Teil von Batuz&#8216; visuellem Werk und m\u00fcndete 2007 in der Installation \u201eHelmets for Peace&#8220; &#8211; Helme f\u00fcr den Frieden -, die seit 2002 durch eine Reihe von grenz\u00fcberschreitenden Kunstaktionen vorbereitet wurde.<\/p>\n\n\n\n<p>Das wichtigste philosophische und k\u00fcnstlerische Werk stellt Batuz&#8216; Idee der \u201eSociet\u00e9 Imaginaire&#8220; dar. Die Societ\u00e9 Imaginaire ist eine Gemeinschaft von \u201egleichgesinnten Andersdenkenden&#8220;, wie Batuz es selbst ausdr\u00fcckt: Sie bringt verschiedene Welten zusammen, um sie eine neue Welt zu schaffen. Von 1993 bis 2005 lud Batuz Kreative aus Kunst, Wissenschaft und Hochschule aus der ganzen Welt nach Altzella in Deutschland ein. Das ehemalige Kloster wurde zu einem Labor f\u00fcr soziales und k\u00fcnstlerisches Schaffen.<\/p>\n\n\n\n<p>Viele Menschen verlassen sich heute nicht mehr auf ihr eigenes Ged\u00e4chtnis, weil sie jede Information zu jeder Zeit im Internet finden k\u00f6nnen. Sie halten es f\u00fcr \u00fcberfl\u00fcssig, sich ein eigenes Wissen \u00fcber Geschichte, Philosophie, Kunst und Kultur aufzubauen &#8211; und werden so zu Gef\u00fchrten. Die Informationsflut l\u00e4sst uns oftmals ratlos zur\u00fcck, wir suchen nach Orientierung und sehen beim genaueren Hinsehen viele fragw\u00fcrdige Propheten und Prophetinnen.<\/p>\n\n\n\n<p>\u201eWir m\u00fcssen die Welt neu denken, alte Gewohnheiten aufgeben&#8230;, ein Weltbild entwerfen, an dem sich der Mensch neu orientieren kann&#8230; Wir wollen gemeinsam Schritte in diese neue Welt erkunden&#8220;, sagt Batuz. So global dieser Prozess auch sein mag, er braucht auch eine Heimat und eine Zukunft.<\/p>\n\n\n\n<p>In der Burg Liebstedt in Th\u00fcringen, Deutschland, hat diese Welt ihre neue Heimat gefunden.&nbsp;&nbsp;<\/p>\n\n\n\n<p>Alles Gute zum Geburtstag, lieber Batuz!<\/p>\n\n\n\n<p>Marion<\/p>\n\n\n<div class=\"wp-block-image\">\n<figure class=\"aligncenter size-large\"><img loading=\"lazy\" decoding=\"async\" width=\"960\" height=\"202\" src=\"https:\/\/www.marionschneider.com\/wp-content\/uploads\/reduziertAusstellung-Batuz-Workshop-Teilnehmer-Sammlung-Marion-Schneider-Burg-Liebstedt-Panoramabild.-Joerg-Schuster-960x202.jpg\" alt=\"\" class=\"wp-image-5912\" srcset=\"https:\/\/www.marionschneider.com\/wp-content\/uploads\/reduziertAusstellung-Batuz-Workshop-Teilnehmer-Sammlung-Marion-Schneider-Burg-Liebstedt-Panoramabild.-Joerg-Schuster-960x202.jpg 960w, https:\/\/www.marionschneider.com\/wp-content\/uploads\/reduziertAusstellung-Batuz-Workshop-Teilnehmer-Sammlung-Marion-Schneider-Burg-Liebstedt-Panoramabild.-Joerg-Schuster-640x135.jpg 640w, https:\/\/www.marionschneider.com\/wp-content\/uploads\/reduziertAusstellung-Batuz-Workshop-Teilnehmer-Sammlung-Marion-Schneider-Burg-Liebstedt-Panoramabild.-Joerg-Schuster-768x162.jpg 768w, https:\/\/www.marionschneider.com\/wp-content\/uploads\/reduziertAusstellung-Batuz-Workshop-Teilnehmer-Sammlung-Marion-Schneider-Burg-Liebstedt-Panoramabild.-Joerg-Schuster-1536x324.jpg 1536w, https:\/\/www.marionschneider.com\/wp-content\/uploads\/reduziertAusstellung-Batuz-Workshop-Teilnehmer-Sammlung-Marion-Schneider-Burg-Liebstedt-Panoramabild.-Joerg-Schuster-2048x431.jpg 2048w, https:\/\/www.marionschneider.com\/wp-content\/uploads\/reduziertAusstellung-Batuz-Workshop-Teilnehmer-Sammlung-Marion-Schneider-Burg-Liebstedt-Panoramabild.-Joerg-Schuster-250x53.jpg 250w, https:\/\/www.marionschneider.com\/wp-content\/uploads\/reduziertAusstellung-Batuz-Workshop-Teilnehmer-Sammlung-Marion-Schneider-Burg-Liebstedt-Panoramabild.-Joerg-Schuster-550x116.jpg 550w, https:\/\/www.marionschneider.com\/wp-content\/uploads\/reduziertAusstellung-Batuz-Workshop-Teilnehmer-Sammlung-Marion-Schneider-Burg-Liebstedt-Panoramabild.-Joerg-Schuster-800x169.jpg 800w, https:\/\/www.marionschneider.com\/wp-content\/uploads\/reduziertAusstellung-Batuz-Workshop-Teilnehmer-Sammlung-Marion-Schneider-Burg-Liebstedt-Panoramabild.-Joerg-Schuster-854x180.jpg 854w, https:\/\/www.marionschneider.com\/wp-content\/uploads\/reduziertAusstellung-Batuz-Workshop-Teilnehmer-Sammlung-Marion-Schneider-Burg-Liebstedt-Panoramabild.-Joerg-Schuster-1424x300.jpg 1424w\" sizes=\"auto, (max-width: 960px) 100vw, 960px\" \/><figcaption class=\"wp-element-caption\"><em>Kunstausstellung auf der Ordensburg Liebstedt.<br>Foto: J\u00f6rg Schuster<\/em><\/figcaption><\/figure>\n<\/div>","protected":false},"excerpt":{"rendered":"<p>Eine geplante Kunstausstellung auf der Ordensburg Liebstedt mit Werken von Teilnehmern des internationalen Altzella-Workshops stellt eine W\u00fcrdigung an das Schaffen des K\u00fcnstlers und Weltb\u00fcrgers Batuz dar. Am 27. Mai 2023 wird der Friedensstifter und Vordenker 90 Jahre. Ein \u201eOrt des Friedens und des Dialogs mitten &#8230; <a title=\"Strotzend vor Kreativit\u00e4t\" class=\"read-more\" href=\"https:\/\/www.marionschneider.com\/de\/strotzend-vor-kreativitaet\/\" aria-label=\"Mehr Informationen \u00fcber Strotzend vor Kreativit\u00e4t\">weiterlesen<\/a><\/p>\n","protected":false},"author":10,"featured_media":5908,"comment_status":"closed","ping_status":"closed","sticky":false,"template":"","format":"standard","meta":{"footnotes":""},"categories":[1],"tags":[185,184,183],"class_list":["post-5907","post","type-post","status-publish","format-standard","has-post-thumbnail","hentry","category-menschen-und-leben","tag-altzella","tag-batuz","tag-kunst","infinite-scroll-item","generate-columns","tablet-grid-50","mobile-grid-100","grid-parent","grid-50"],"yoast_head":"<!-- This site is optimized with the Yoast SEO plugin v27.4 - https:\/\/yoast.com\/product\/yoast-seo-wordpress\/ -->\n<title>Strotzend vor Kreativit\u00e4t - Marion Schneider<\/title>\n<meta name=\"robots\" content=\"index, follow, max-snippet:-1, max-image-preview:large, max-video-preview:-1\" \/>\n<link rel=\"canonical\" href=\"https:\/\/www.marionschneider.com\/de\/strotzend-vor-kreativitaet\/\" \/>\n<meta property=\"og:locale\" content=\"de_DE\" \/>\n<meta property=\"og:type\" content=\"article\" \/>\n<meta property=\"og:title\" content=\"Strotzend vor Kreativit\u00e4t - Marion Schneider\" \/>\n<meta property=\"og:description\" content=\"Eine geplante Kunstausstellung auf der Ordensburg Liebstedt mit Werken von Teilnehmern des internationalen Altzella-Workshops stellt eine W\u00fcrdigung an das Schaffen des K\u00fcnstlers und Weltb\u00fcrgers Batuz dar. Am 27. Mai 2023 wird der Friedensstifter und Vordenker 90 Jahre. Ein \u201eOrt des Friedens und des Dialogs mitten ... weiterlesen\" \/>\n<meta property=\"og:url\" content=\"https:\/\/www.marionschneider.com\/de\/strotzend-vor-kreativitaet\/\" \/>\n<meta property=\"og:site_name\" content=\"Marion Schneider\" \/>\n<meta property=\"article:publisher\" content=\"https:\/\/www.facebook.com\/Auerstedt\" \/>\n<meta property=\"article:published_time\" content=\"2023-05-26T18:52:46+00:00\" \/>\n<meta property=\"article:modified_time\" content=\"2023-05-26T18:55:11+00:00\" \/>\n<meta property=\"og:image\" content=\"https:\/\/www.marionschneider.com\/wp-content\/uploads\/reduziert-Beitragsbild-Altzella-Bilder-Sammlung-Marion-Schneider-Montage.Joerg-Schuster.jpg\" \/>\n\t<meta property=\"og:image:width\" content=\"1020\" \/>\n\t<meta property=\"og:image:height\" content=\"1020\" \/>\n\t<meta property=\"og:image:type\" content=\"image\/jpeg\" \/>\n<meta name=\"author\" content=\"wahlm\" \/>\n<meta name=\"twitter:card\" content=\"summary_large_image\" \/>\n<meta name=\"twitter:creator\" content=\"@kbsmarion\" \/>\n<meta name=\"twitter:site\" content=\"@kbsmarion\" \/>\n<meta name=\"twitter:label1\" content=\"Verfasst von\" \/>\n\t<meta name=\"twitter:data1\" content=\"wahlm\" \/>\n\t<meta name=\"twitter:label2\" content=\"Gesch\u00e4tzte Lesezeit\" \/>\n\t<meta name=\"twitter:data2\" content=\"5\u00a0Minuten\" \/>\n<script type=\"application\/ld+json\" class=\"yoast-schema-graph\">{\"@context\":\"https:\\\/\\\/schema.org\",\"@graph\":[{\"@type\":\"Article\",\"@id\":\"https:\\\/\\\/www.marionschneider.com\\\/de\\\/strotzend-vor-kreativitaet\\\/#article\",\"isPartOf\":{\"@id\":\"https:\\\/\\\/www.marionschneider.com\\\/de\\\/strotzend-vor-kreativitaet\\\/\"},\"author\":{\"name\":\"wahlm\",\"@id\":\"https:\\\/\\\/www.marionschneider.com\\\/de\\\/#\\\/schema\\\/person\\\/0db24bfd08ad434bb2e2d1b5a16b8804\"},\"headline\":\"Strotzend vor Kreativit\u00e4t\",\"datePublished\":\"2023-05-26T18:52:46+00:00\",\"dateModified\":\"2023-05-26T18:55:11+00:00\",\"mainEntityOfPage\":{\"@id\":\"https:\\\/\\\/www.marionschneider.com\\\/de\\\/strotzend-vor-kreativitaet\\\/\"},\"wordCount\":1067,\"publisher\":{\"@id\":\"https:\\\/\\\/www.marionschneider.com\\\/de\\\/#organization\"},\"image\":{\"@id\":\"https:\\\/\\\/www.marionschneider.com\\\/de\\\/strotzend-vor-kreativitaet\\\/#primaryimage\"},\"thumbnailUrl\":\"https:\\\/\\\/www.marionschneider.com\\\/wp-content\\\/uploads\\\/reduziert-Beitragsbild-Altzella-Bilder-Sammlung-Marion-Schneider-Montage.Joerg-Schuster.jpg\",\"keywords\":[\"altzella\",\"batuz\",\"kunst\"],\"articleSection\":[\"Menschen &amp; Leben\"],\"inLanguage\":\"de\"},{\"@type\":\"WebPage\",\"@id\":\"https:\\\/\\\/www.marionschneider.com\\\/de\\\/strotzend-vor-kreativitaet\\\/\",\"url\":\"https:\\\/\\\/www.marionschneider.com\\\/de\\\/strotzend-vor-kreativitaet\\\/\",\"name\":\"Strotzend vor Kreativit\u00e4t - Marion Schneider\",\"isPartOf\":{\"@id\":\"https:\\\/\\\/www.marionschneider.com\\\/de\\\/#website\"},\"primaryImageOfPage\":{\"@id\":\"https:\\\/\\\/www.marionschneider.com\\\/de\\\/strotzend-vor-kreativitaet\\\/#primaryimage\"},\"image\":{\"@id\":\"https:\\\/\\\/www.marionschneider.com\\\/de\\\/strotzend-vor-kreativitaet\\\/#primaryimage\"},\"thumbnailUrl\":\"https:\\\/\\\/www.marionschneider.com\\\/wp-content\\\/uploads\\\/reduziert-Beitragsbild-Altzella-Bilder-Sammlung-Marion-Schneider-Montage.Joerg-Schuster.jpg\",\"datePublished\":\"2023-05-26T18:52:46+00:00\",\"dateModified\":\"2023-05-26T18:55:11+00:00\",\"breadcrumb\":{\"@id\":\"https:\\\/\\\/www.marionschneider.com\\\/de\\\/strotzend-vor-kreativitaet\\\/#breadcrumb\"},\"inLanguage\":\"de\",\"potentialAction\":[{\"@type\":\"ReadAction\",\"target\":[\"https:\\\/\\\/www.marionschneider.com\\\/de\\\/strotzend-vor-kreativitaet\\\/\"]}]},{\"@type\":\"ImageObject\",\"inLanguage\":\"de\",\"@id\":\"https:\\\/\\\/www.marionschneider.com\\\/de\\\/strotzend-vor-kreativitaet\\\/#primaryimage\",\"url\":\"https:\\\/\\\/www.marionschneider.com\\\/wp-content\\\/uploads\\\/reduziert-Beitragsbild-Altzella-Bilder-Sammlung-Marion-Schneider-Montage.Joerg-Schuster.jpg\",\"contentUrl\":\"https:\\\/\\\/www.marionschneider.com\\\/wp-content\\\/uploads\\\/reduziert-Beitragsbild-Altzella-Bilder-Sammlung-Marion-Schneider-Montage.Joerg-Schuster.jpg\",\"width\":1020,\"height\":1020},{\"@type\":\"BreadcrumbList\",\"@id\":\"https:\\\/\\\/www.marionschneider.com\\\/de\\\/strotzend-vor-kreativitaet\\\/#breadcrumb\",\"itemListElement\":[{\"@type\":\"ListItem\",\"position\":1,\"name\":\"Home\",\"item\":\"https:\\\/\\\/www.marionschneider.com\\\/de\\\/\"},{\"@type\":\"ListItem\",\"position\":2,\"name\":\"Menschen &amp; Leben\",\"item\":\"https:\\\/\\\/www.marionschneider.com\\\/de\\\/category\\\/menschen-und-leben\\\/\"},{\"@type\":\"ListItem\",\"position\":3,\"name\":\"Strotzend vor Kreativit\u00e4t\"}]},{\"@type\":\"WebSite\",\"@id\":\"https:\\\/\\\/www.marionschneider.com\\\/de\\\/#website\",\"url\":\"https:\\\/\\\/www.marionschneider.com\\\/de\\\/\",\"name\":\"Marion Schneider\",\"description\":\"Autorenseite\",\"publisher\":{\"@id\":\"https:\\\/\\\/www.marionschneider.com\\\/de\\\/#organization\"},\"potentialAction\":[{\"@type\":\"SearchAction\",\"target\":{\"@type\":\"EntryPoint\",\"urlTemplate\":\"https:\\\/\\\/www.marionschneider.com\\\/de\\\/?s={search_term_string}\"},\"query-input\":{\"@type\":\"PropertyValueSpecification\",\"valueRequired\":true,\"valueName\":\"search_term_string\"}}],\"inLanguage\":\"de\"},{\"@type\":\"Organization\",\"@id\":\"https:\\\/\\\/www.marionschneider.com\\\/de\\\/#organization\",\"name\":\"Marion Schneider\",\"url\":\"https:\\\/\\\/www.marionschneider.com\\\/de\\\/\",\"logo\":{\"@type\":\"ImageObject\",\"inLanguage\":\"de\",\"@id\":\"https:\\\/\\\/www.marionschneider.com\\\/de\\\/#\\\/schema\\\/logo\\\/image\\\/\",\"url\":\"https:\\\/\\\/www.marionschneider.com\\\/wp-content\\\/uploads\\\/Logo_MS4p24.png\",\"contentUrl\":\"https:\\\/\\\/www.marionschneider.com\\\/wp-content\\\/uploads\\\/Logo_MS4p24.png\",\"width\":225,\"height\":160,\"caption\":\"Marion Schneider\"},\"image\":{\"@id\":\"https:\\\/\\\/www.marionschneider.com\\\/de\\\/#\\\/schema\\\/logo\\\/image\\\/\"},\"sameAs\":[\"https:\\\/\\\/www.facebook.com\\\/Auerstedt\",\"https:\\\/\\\/x.com\\\/kbsmarion\"]},{\"@type\":\"Person\",\"@id\":\"https:\\\/\\\/www.marionschneider.com\\\/de\\\/#\\\/schema\\\/person\\\/0db24bfd08ad434bb2e2d1b5a16b8804\",\"name\":\"wahlm\",\"url\":\"https:\\\/\\\/www.marionschneider.com\\\/de\\\/author\\\/wahlm\\\/\"}]}<\/script>\n<!-- \/ Yoast SEO plugin. -->","yoast_head_json":{"title":"Strotzend vor Kreativit\u00e4t - Marion Schneider","robots":{"index":"index","follow":"follow","max-snippet":"max-snippet:-1","max-image-preview":"max-image-preview:large","max-video-preview":"max-video-preview:-1"},"canonical":"https:\/\/www.marionschneider.com\/de\/strotzend-vor-kreativitaet\/","og_locale":"de_DE","og_type":"article","og_title":"Strotzend vor Kreativit\u00e4t - Marion Schneider","og_description":"Eine geplante Kunstausstellung auf der Ordensburg Liebstedt mit Werken von Teilnehmern des internationalen Altzella-Workshops stellt eine W\u00fcrdigung an das Schaffen des K\u00fcnstlers und Weltb\u00fcrgers Batuz dar. Am 27. Mai 2023 wird der Friedensstifter und Vordenker 90 Jahre. Ein \u201eOrt des Friedens und des Dialogs mitten ... weiterlesen","og_url":"https:\/\/www.marionschneider.com\/de\/strotzend-vor-kreativitaet\/","og_site_name":"Marion Schneider","article_publisher":"https:\/\/www.facebook.com\/Auerstedt","article_published_time":"2023-05-26T18:52:46+00:00","article_modified_time":"2023-05-26T18:55:11+00:00","og_image":[{"width":1020,"height":1020,"url":"https:\/\/www.marionschneider.com\/wp-content\/uploads\/reduziert-Beitragsbild-Altzella-Bilder-Sammlung-Marion-Schneider-Montage.Joerg-Schuster.jpg","type":"image\/jpeg"}],"author":"wahlm","twitter_card":"summary_large_image","twitter_creator":"@kbsmarion","twitter_site":"@kbsmarion","twitter_misc":{"Verfasst von":"wahlm","Gesch\u00e4tzte Lesezeit":"5\u00a0Minuten"},"schema":{"@context":"https:\/\/schema.org","@graph":[{"@type":"Article","@id":"https:\/\/www.marionschneider.com\/de\/strotzend-vor-kreativitaet\/#article","isPartOf":{"@id":"https:\/\/www.marionschneider.com\/de\/strotzend-vor-kreativitaet\/"},"author":{"name":"wahlm","@id":"https:\/\/www.marionschneider.com\/de\/#\/schema\/person\/0db24bfd08ad434bb2e2d1b5a16b8804"},"headline":"Strotzend vor Kreativit\u00e4t","datePublished":"2023-05-26T18:52:46+00:00","dateModified":"2023-05-26T18:55:11+00:00","mainEntityOfPage":{"@id":"https:\/\/www.marionschneider.com\/de\/strotzend-vor-kreativitaet\/"},"wordCount":1067,"publisher":{"@id":"https:\/\/www.marionschneider.com\/de\/#organization"},"image":{"@id":"https:\/\/www.marionschneider.com\/de\/strotzend-vor-kreativitaet\/#primaryimage"},"thumbnailUrl":"https:\/\/www.marionschneider.com\/wp-content\/uploads\/reduziert-Beitragsbild-Altzella-Bilder-Sammlung-Marion-Schneider-Montage.Joerg-Schuster.jpg","keywords":["altzella","batuz","kunst"],"articleSection":["Menschen &amp; Leben"],"inLanguage":"de"},{"@type":"WebPage","@id":"https:\/\/www.marionschneider.com\/de\/strotzend-vor-kreativitaet\/","url":"https:\/\/www.marionschneider.com\/de\/strotzend-vor-kreativitaet\/","name":"Strotzend vor Kreativit\u00e4t - Marion Schneider","isPartOf":{"@id":"https:\/\/www.marionschneider.com\/de\/#website"},"primaryImageOfPage":{"@id":"https:\/\/www.marionschneider.com\/de\/strotzend-vor-kreativitaet\/#primaryimage"},"image":{"@id":"https:\/\/www.marionschneider.com\/de\/strotzend-vor-kreativitaet\/#primaryimage"},"thumbnailUrl":"https:\/\/www.marionschneider.com\/wp-content\/uploads\/reduziert-Beitragsbild-Altzella-Bilder-Sammlung-Marion-Schneider-Montage.Joerg-Schuster.jpg","datePublished":"2023-05-26T18:52:46+00:00","dateModified":"2023-05-26T18:55:11+00:00","breadcrumb":{"@id":"https:\/\/www.marionschneider.com\/de\/strotzend-vor-kreativitaet\/#breadcrumb"},"inLanguage":"de","potentialAction":[{"@type":"ReadAction","target":["https:\/\/www.marionschneider.com\/de\/strotzend-vor-kreativitaet\/"]}]},{"@type":"ImageObject","inLanguage":"de","@id":"https:\/\/www.marionschneider.com\/de\/strotzend-vor-kreativitaet\/#primaryimage","url":"https:\/\/www.marionschneider.com\/wp-content\/uploads\/reduziert-Beitragsbild-Altzella-Bilder-Sammlung-Marion-Schneider-Montage.Joerg-Schuster.jpg","contentUrl":"https:\/\/www.marionschneider.com\/wp-content\/uploads\/reduziert-Beitragsbild-Altzella-Bilder-Sammlung-Marion-Schneider-Montage.Joerg-Schuster.jpg","width":1020,"height":1020},{"@type":"BreadcrumbList","@id":"https:\/\/www.marionschneider.com\/de\/strotzend-vor-kreativitaet\/#breadcrumb","itemListElement":[{"@type":"ListItem","position":1,"name":"Home","item":"https:\/\/www.marionschneider.com\/de\/"},{"@type":"ListItem","position":2,"name":"Menschen &amp; Leben","item":"https:\/\/www.marionschneider.com\/de\/category\/menschen-und-leben\/"},{"@type":"ListItem","position":3,"name":"Strotzend vor Kreativit\u00e4t"}]},{"@type":"WebSite","@id":"https:\/\/www.marionschneider.com\/de\/#website","url":"https:\/\/www.marionschneider.com\/de\/","name":"Marion Schneider","description":"Autorenseite","publisher":{"@id":"https:\/\/www.marionschneider.com\/de\/#organization"},"potentialAction":[{"@type":"SearchAction","target":{"@type":"EntryPoint","urlTemplate":"https:\/\/www.marionschneider.com\/de\/?s={search_term_string}"},"query-input":{"@type":"PropertyValueSpecification","valueRequired":true,"valueName":"search_term_string"}}],"inLanguage":"de"},{"@type":"Organization","@id":"https:\/\/www.marionschneider.com\/de\/#organization","name":"Marion Schneider","url":"https:\/\/www.marionschneider.com\/de\/","logo":{"@type":"ImageObject","inLanguage":"de","@id":"https:\/\/www.marionschneider.com\/de\/#\/schema\/logo\/image\/","url":"https:\/\/www.marionschneider.com\/wp-content\/uploads\/Logo_MS4p24.png","contentUrl":"https:\/\/www.marionschneider.com\/wp-content\/uploads\/Logo_MS4p24.png","width":225,"height":160,"caption":"Marion Schneider"},"image":{"@id":"https:\/\/www.marionschneider.com\/de\/#\/schema\/logo\/image\/"},"sameAs":["https:\/\/www.facebook.com\/Auerstedt","https:\/\/x.com\/kbsmarion"]},{"@type":"Person","@id":"https:\/\/www.marionschneider.com\/de\/#\/schema\/person\/0db24bfd08ad434bb2e2d1b5a16b8804","name":"wahlm","url":"https:\/\/www.marionschneider.com\/de\/author\/wahlm\/"}]}},"views":438,"_links":{"self":[{"href":"https:\/\/www.marionschneider.com\/de\/wp-json\/wp\/v2\/posts\/5907","targetHints":{"allow":["GET"]}}],"collection":[{"href":"https:\/\/www.marionschneider.com\/de\/wp-json\/wp\/v2\/posts"}],"about":[{"href":"https:\/\/www.marionschneider.com\/de\/wp-json\/wp\/v2\/types\/post"}],"author":[{"embeddable":true,"href":"https:\/\/www.marionschneider.com\/de\/wp-json\/wp\/v2\/users\/10"}],"replies":[{"embeddable":true,"href":"https:\/\/www.marionschneider.com\/de\/wp-json\/wp\/v2\/comments?post=5907"}],"version-history":[{"count":0,"href":"https:\/\/www.marionschneider.com\/de\/wp-json\/wp\/v2\/posts\/5907\/revisions"}],"wp:featuredmedia":[{"embeddable":true,"href":"https:\/\/www.marionschneider.com\/de\/wp-json\/wp\/v2\/media\/5908"}],"wp:attachment":[{"href":"https:\/\/www.marionschneider.com\/de\/wp-json\/wp\/v2\/media?parent=5907"}],"wp:term":[{"taxonomy":"category","embeddable":true,"href":"https:\/\/www.marionschneider.com\/de\/wp-json\/wp\/v2\/categories?post=5907"},{"taxonomy":"post_tag","embeddable":true,"href":"https:\/\/www.marionschneider.com\/de\/wp-json\/wp\/v2\/tags?post=5907"}],"curies":[{"name":"wp","href":"https:\/\/api.w.org\/{rel}","templated":true}]}}